{"id":2170,"date":"2014-05-03T16:18:56","date_gmt":"2014-05-03T16:18:56","guid":{"rendered":"http:\/\/www.ecuadoraldia.com.ec\/?p=2170"},"modified":"2014-05-03T16:18:56","modified_gmt":"2014-05-03T16:18:56","slug":"84-millones-en-infraestructura-educativa-previo-al-inicio-de-clases","status":"publish","type":"post","link":"https:\/\/www.ecuadoraldia.com.ec\/?p=2170","title":{"rendered":"84 millones en infraestructura educativa previo al inicio de clases"},"content":{"rendered":"<p> <a href=\"http:\/\/www.ecuadoraldia.com.ec\/wp-content\/uploads\/2014\/05\/min_educ.jpg\"><img loading=\"lazy\" decoding=\"async\" src=\"http:\/\/www.ecuadoraldia.com.ec\/wp-content\/uploads\/2014\/05\/min_educ-300x204.jpg\" alt=\"min_educ\" width=\"300\" height=\"204\" class=\"alignleft size-medium wp-image-2171\" srcset=\"https:\/\/www.ecuadoraldia.com.ec\/wp-content\/uploads\/2014\/05\/min_educ-300x204.jpg 300w, https:\/\/www.ecuadoraldia.com.ec\/wp-content\/uploads\/2014\/05\/min_educ.jpg 443w\" sizes=\"(max-width: 300px) 100vw, 300px\" \/><\/a>Ecuador invirti\u00f3 84 millones de d\u00f3lares en mobiliario, mantenimiento y aulas m\u00f3viles para adecuar la infraestructura educativa antes de recibir a m\u00e1s de 2 millones de alumnos en el inicio del periodo lectivos 2014 \u2013 2015 del r\u00e9gimen escolar de la Costa.<\/p>\n<p>El anuncio lo realiz\u00f3 este mi\u00e9rcoles el ministro de Educaci\u00f3n, Augusto Espinosa, en el conversatorio sostenido con representantes de los medios de comunicaci\u00f3n desarrollado en la ciudad portuaria de Guayaquil.<\/p>\n<p>El Estado quiere una educaci\u00f3n de calidad, con infraestructura de primer orden, por lo que adquiri\u00f3 550.000 nuevas bancas con una inversi\u00f3n de 23,1 millones de d\u00f3lares; adem\u00e1s, realiz\u00f3 la construcci\u00f3n de 1.000 aulas m\u00f3viles y destin\u00f3 33 millones de d\u00f3lares en  mantenimiento, revel\u00f3 el Ministro.<\/p>\n<p>El gobierno inici\u00f3 un cambio en el sistema educativo para alcanzar la excelencia que demanda la edificaci\u00f3n de nuevos planteles denominados del milenio con todas las herramientas para la formaci\u00f3n integral de los estudiantes.<\/p>\n<p>El Ministro de Educaci\u00f3n precis\u00f3 que los cambios en la educaci\u00f3n son procesos que no se hacen de la noche a la ma\u00f1ana. Pidi\u00f3 compresi\u00f3n a los padres de familia que quieren ingresar al sistema educativo fiscal y que tienen inconvenientes.<\/p>\n<p>\u201cTengan la seguridad que todos los estudiantes estar\u00e1n dentro de su propio circuito educativo en el \u00e1rea donde vive. En los casos donde el plantel quede muy lejos de su vivienda, por la dimensi\u00f3n territorial del circuito, se colocar\u00e1n expresos financiados por el Estado para el transporte de los estudiantes hacia los establecimientos asignados\u201d, dijo.<\/p>\n<p>El funcionario revel\u00f3 que las zonas de mayor inscripci\u00f3n para el r\u00e9gimen educativo fiscal en este a\u00f1o son en las ciudades de Guayaquil, Dur\u00e1n y Samborond\u00f3n, lo que es positivo para alcanzar las metas propuestas por el Ejecutivo. ANDES<\/p>\n","protected":false},"excerpt":{"rendered":"<p>Ecuador invirti\u00f3 84 millones de d\u00f3lares en mobiliario, mantenimiento y aulas m\u00f3viles para adecuar la infraestructura educativa antes de recibir<\/p>\n","protected":false},"author":1,"featured_media":0,"comment_status":"open","ping_status":"open","sticky":false,"template":"","format":"standard","meta":{"footnotes":""},"categories":[4],"tags":[],"_links":{"self":[{"href":"https:\/\/www.ecuadoraldia.com.ec\/index.php?rest_route=\/wp\/v2\/posts\/2170"}],"collection":[{"href":"https:\/\/www.ecuadoraldia.com.ec\/index.php?rest_route=\/wp\/v2\/posts"}],"about":[{"href":"https:\/\/www.ecuadoraldia.com.ec\/index.php?rest_route=\/wp\/v2\/types\/post"}],"author":[{"embeddable":true,"href":"https:\/\/www.ecuadoraldia.com.ec\/index.php?rest_route=\/wp\/v2\/users\/1"}],"replies":[{"embeddable":true,"href":"https:\/\/www.ecuadoraldia.com.ec\/index.php?rest_route=%2Fwp%2Fv2%2Fcomments&post=2170"}],"version-history":[{"count":1,"href":"https:\/\/www.ecuadoraldia.com.ec\/index.php?rest_route=\/wp\/v2\/posts\/2170\/revisions"}],"predecessor-version":[{"id":2172,"href":"https:\/\/www.ecuadoraldia.com.ec\/index.php?rest_route=\/wp\/v2\/posts\/2170\/revisions\/2172"}],"wp:attachment":[{"href":"https:\/\/www.ecuadoraldia.com.ec\/index.php?rest_route=%2Fwp%2Fv2%2Fmedia&parent=2170"}],"wp:term":[{"taxonomy":"category","embeddable":true,"href":"https:\/\/www.ecuadoraldia.com.ec\/index.php?rest_route=%2Fwp%2Fv2%2Fcategories&post=2170"},{"taxonomy":"post_tag","embeddable":true,"href":"https:\/\/www.ecuadoraldia.com.ec\/index.php?rest_route=%2Fwp%2Fv2%2Ftags&post=2170"}],"curies":[{"name":"wp","href":"https:\/\/api.w.org\/{rel}","templated":true}]}}