{"id":2173,"date":"2014-05-03T16:19:54","date_gmt":"2014-05-03T16:19:54","guid":{"rendered":"http:\/\/www.ecuadoraldia.com.ec\/?p=2173"},"modified":"2014-05-03T16:19:54","modified_gmt":"2014-05-03T16:19:54","slug":"calle-13-denunciara-en-sus-conciertos-el-dano-ambiental-causado-por-chevron-en-ecuador","status":"publish","type":"post","link":"https:\/\/www.ecuadoraldia.com.ec\/?p=2173","title":{"rendered":"Calle 13 denunciar\u00e1 en sus conciertos el da\u00f1o ambiental causado por Chevron en Ecuador"},"content":{"rendered":"<p><a href=\"http:\/\/www.ecuadoraldia.com.ec\/wp-content\/uploads\/2014\/05\/cale_13.jpg\"><img loading=\"lazy\" decoding=\"async\" src=\"http:\/\/www.ecuadoraldia.com.ec\/wp-content\/uploads\/2014\/05\/cale_13-300x181.jpg\" alt=\"cale_13\" width=\"300\" height=\"181\" class=\"alignleft size-medium wp-image-2174\" srcset=\"https:\/\/www.ecuadoraldia.com.ec\/wp-content\/uploads\/2014\/05\/cale_13-300x181.jpg 300w, https:\/\/www.ecuadoraldia.com.ec\/wp-content\/uploads\/2014\/05\/cale_13.jpg 580w\" sizes=\"(max-width: 300px) 100vw, 300px\" \/><\/a> Los dos principales miembros de la agrupaci\u00f3n puertorrique\u00f1a Calle 13 constataron personalmente este viernes la afectaci\u00f3n que dej\u00f3 la petrolera Chevron Texaco en la Amazonia ecuatoriana, donde la empresa estadounidense oper\u00f3 26 a\u00f1os, entre 1964 y 1990.<\/p>\n<p>A las 14:00 lleg\u00f3 Ren\u00e9 P\u00e9rez \u201cResidente\u201d y Eduardo Cabra \u201cVisitante\u201d al pozo Aguarico cuatro, desde donde se impulsa la campa\u00f1a La mano sucia de Chevron, para que el planeta conozca el da\u00f1o que dej\u00f3 Texaco en esta zona ubicada en la provincia de Sucumb\u00edos (noreste).<\/p>\n<p>\u201cEs la primera vez que huelo, que siento, que la vivo (la contaminaci\u00f3n petrolera), es diferente que verlo en un documental y es horrible porque se extiende por todo esto\u201d, dijo Residente se\u00f1alando esa parte de la selva del oriente ecuatoriano.<\/p>\n<p>\u201cLo que hace la Chevron no es contra el gobierno ecuatoriano, sino contra los ecuatorianos y yendo m\u00e1s all\u00e1 contra Latinoam\u00e9rica porque esto es el pulm\u00f3n del continente\u201d, expres\u00f3 P\u00e9rez, quien compar\u00f3 el desastre ambiental con el ocurrido en Vieques, Puerto Rico, donde el da\u00f1o de la naturaleza fue por pruebas de armamento.<\/p>\n<p>Residente mir\u00f3 atentamente el video del presidente Rafael Correa en el que mostr\u00f3 el desastre en esta zona, \u201c85 veces m\u00e1s grave que el desastre de la British Petroleum en el golfo de M\u00e9xico\u201d.<\/p>\n<p>Luego de un recorrido por la zona afectada, alrededor de las 15:30 Residente y Visitante metieron su mano en el agua contaminada, huella de la explotaci\u00f3n irresponsable de la empresa petrolera.<\/p>\n<p>Sobre el ecologismo radical P\u00e9rez indic\u00f3 que tiene amigos ecologistas, y que se debe entender que debe existir un \u201cbalance\u201d en el desarrollo petrolero. Adem\u00e1s, indic\u00f3 que la campa\u00f1a La mano sucia de Chevron la impulsar\u00e1 durante sus conciertos. \u201cHe visto cosas fuertes y esta es de las peores\u201d, refiri\u00f3 sobre la contaminaci\u00f3n de la empresa norteamericana.<\/p>\n<p>\u201cEst\u00e1 mal que vayan a trabajar y dejen las piscinas de lodo prieto\u201d, dijo tambi\u00e9n con indignaci\u00f3n Visitante, quien acompa\u00f1a a Residente en sus conciertos y promociones discogr\u00e1ficas, en las que suenan con \u00e9xito internacional temas como Atr\u00e9vete, La perla, Nadie como t\u00fa, La cumbia de los aburridos.<\/p>\n<p>La ministra del Ambiente, Lorena Tapia, mostr\u00f3 las consecuencias de la explotaci\u00f3n petrolera de Chevron a Residente y Visitante.<\/p>\n<p>Al sitio tambi\u00e9n acudi\u00f3 la ministra de Ambiente, Lorena Tapia, quien mostr\u00f3 la mano sucia de Chevron junto a Calle 13 ante 15 medios de comunicaci\u00f3n que cubrieron el evento.<\/p>\n<p>\u201cEs muy importante que el mundo sepa con la visita en persona la afectaci\u00f3n de las malas pr\u00e1cticas de Chevron Texaco. Aclaramos que de mil piscinas solo 250 fueron remediadas, con la duda t\u00e9cnica de que haya sido efectiva\u201d, dijo Tapia, quien a\u00f1adi\u00f3 que el desarrollo petrolero responsable que realiza el Estado ecuatoriano es para mejorar la calidad de vida de los habitantes amaz\u00f3nicos.<\/p>\n<p>Calle 13 ha realizado activismo por grupos desfavorecidos en Am\u00e9rica Latina, en \u00e1reas de la educaci\u00f3n, nutrici\u00f3n, salud, trata de personas.<\/p>\n<p>A partir de 2011, Residente tom\u00f3 una postura activa con respecto a la descolonizaci\u00f3n de su pa\u00eds ante Estados Unidos, luego que la naci\u00f3n caribe\u00f1a no fuera considerada parte de la Comunidad de Estados Latinoamericanos y Caribe\u00f1os (Celac).<\/p>\n<p>Asimismo, sus integrantes han manifestado su apoyo al pueblo mapuche en Chile, que vive inmerso en un conflicto a\u00fan no solucionado; y al movimiento YoSoy132 de M\u00e9xico, que denunci\u00f3 irregularidades en los medios de comunicaci\u00f3n de ese pa\u00eds.<\/p>\n<p>Calle 13 brindar\u00e1 la noche de este s\u00e1bado un concierto gratuito a los habitantes de Lago Agrio, capital provincial, donde promocionar\u00e1 su disco Multiviral. ANDES<\/p>\n","protected":false},"excerpt":{"rendered":"<p>Los dos principales miembros de la agrupaci\u00f3n puertorrique\u00f1a Calle 13 constataron personalmente este viernes la afectaci\u00f3n que dej\u00f3 la petrolera<\/p>\n","protected":false},"author":1,"featured_media":0,"comment_status":"open","ping_status":"open","sticky":false,"template":"","format":"standard","meta":{"footnotes":""},"categories":[1],"tags":[],"_links":{"self":[{"href":"https:\/\/www.ecuadoraldia.com.ec\/index.php?rest_route=\/wp\/v2\/posts\/2173"}],"collection":[{"href":"https:\/\/www.ecuadoraldia.com.ec\/index.php?rest_route=\/wp\/v2\/posts"}],"about":[{"href":"https:\/\/www.ecuadoraldia.com.ec\/index.php?rest_route=\/wp\/v2\/types\/post"}],"author":[{"embeddable":true,"href":"https:\/\/www.ecuadoraldia.com.ec\/index.php?rest_route=\/wp\/v2\/users\/1"}],"replies":[{"embeddable":true,"href":"https:\/\/www.ecuadoraldia.com.ec\/index.php?rest_route=%2Fwp%2Fv2%2Fcomments&post=2173"}],"version-history":[{"count":1,"href":"https:\/\/www.ecuadoraldia.com.ec\/index.php?rest_route=\/wp\/v2\/posts\/2173\/revisions"}],"predecessor-version":[{"id":2175,"href":"https:\/\/www.ecuadoraldia.com.ec\/index.php?rest_route=\/wp\/v2\/posts\/2173\/revisions\/2175"}],"wp:attachment":[{"href":"https:\/\/www.ecuadoraldia.com.ec\/index.php?rest_route=%2Fwp%2Fv2%2Fmedia&parent=2173"}],"wp:term":[{"taxonomy":"category","embeddable":true,"href":"https:\/\/www.ecuadoraldia.com.ec\/index.php?rest_route=%2Fwp%2Fv2%2Fcategories&post=2173"},{"taxonomy":"post_tag","embeddable":true,"href":"https:\/\/www.ecuadoraldia.com.ec\/index.php?rest_route=%2Fwp%2Fv2%2Ftags&post=2173"}],"curies":[{"name":"wp","href":"https:\/\/api.w.org\/{rel}","templated":true}]}}