{"id":2176,"date":"2014-05-03T16:21:59","date_gmt":"2014-05-03T16:21:59","guid":{"rendered":"http:\/\/www.ecuadoraldia.com.ec\/?p=2176"},"modified":"2014-05-03T16:21:59","modified_gmt":"2014-05-03T16:21:59","slug":"jueces-renuncian-tras-anuncio-de-investigaciones","status":"publish","type":"post","link":"https:\/\/www.ecuadoraldia.com.ec\/?p=2176","title":{"rendered":"Jueces renuncian tras anuncio de investigaciones"},"content":{"rendered":"<p><a href=\"http:\/\/www.ecuadoraldia.com.ec\/wp-content\/uploads\/2014\/05\/just-manabi.jpg\"><img loading=\"lazy\" decoding=\"async\" src=\"http:\/\/www.ecuadoraldia.com.ec\/wp-content\/uploads\/2014\/05\/just-manabi.jpg\" alt=\"just manabi\" width=\"287\" height=\"300\" class=\"alignleft size-full wp-image-2177\" \/><\/a>Los funcionarios, cinco del \u00e1rea Penal y dos de lo Civil, laboraron hasta el 30 de abril, seg\u00fan inform\u00f3 la Direcci\u00f3n Provincial del Consejo de la Judicatura, en esa jurisdicci\u00f3n.<\/p>\n<p>Pero la sorpresiva renuncia trascendi\u00f3 el jueves, un d\u00eda despu\u00e9s de que el ministro del Interior, Jos\u00e9 Serrano, solicitara una investigaci\u00f3n contra varios jueces y fiscales de Manab\u00ed, quienes habr\u00edan ordenado la libertad -hace un a\u00f1o- de presuntos miembros de una peligrosa banda de asaltantes de veh\u00edculos blindados y entidades financieras. Ocho de los supuestos asaltantes fueron recapturados durante un operativo simult\u00e1neo realizado el pasado 29 de abril, en las provincias de Guayas y Manab\u00ed.<\/p>\n<p>Entre los renunciantes consta la actual presidenta de la Corte Provincial de Justicia, Camila Navia Loor.<\/p>\n<p>La autoridad judicial atribuy\u00f3 su renuncia a una dolencia f\u00edsica, por lo cual deber\u00e1 ser intervenida quir\u00fargicamente, en los pr\u00f3ximos d\u00edas.<\/p>\n<p>Los jueces penales Jaime C\u00e1rdenas Murillo, Orlando Delgado P\u00e1rraga, Jos\u00e9 Verdi Cevallos Peralta y Rafael Loor Pita, quienes tienen varios a\u00f1os de servicio en la Funci\u00f3n Judicial, se acogieron a la jubilaci\u00f3n voluntaria. A ellos se sumaron dos juezas del \u00e1rea Civil: Zoila Garc\u00eda Intriago y Martha V\u00e9lez Men\u00e9ndez.<\/p>\n<p>\u00abMe voy con mucha satisfacci\u00f3n y a tiempo para poder disfrutar de mi vida y pasar m\u00e1s tiempo completo con mi familia\u00bb, expuso Garc\u00eda Intriago. Ella llevaba 34 a\u00f1os y 9 meses de servicio judicial.<\/p>\n<p>El juez Orlando Delgado tambi\u00e9n dijo que decidi\u00f3 dedicar m\u00e1s tiempo a su vida y su salud. Despu\u00e9s de 32 a\u00f1os de servicio en el \u00e1rea Penal, considera que ya ha cumplido con sus obligaciones a la sociedad.<\/p>\n<p>Rafael Loor, quien labor\u00f3 37 a\u00f1os en la Funci\u00f3n Judicial, manifest\u00f3 que asuntos netamente personales y familiares fueron los que lo llevaron a retirarse de sus obligaciones p\u00fablicas.<\/p>\n<p>\u00abTodo lo hice con transparencia apegado a los principios y las leyes. Ahora dedicar\u00e9 el tiempo a la c\u00e1tedra como profesor universitario\u00bb, concluy\u00f3.<\/p>\n<p>Ninguno de los funcionarios hizo alusi\u00f3n al anuncio del ministro Serrano, de revelar -la pr\u00f3xima semana- los nombres de jueces y fiscales de Manab\u00ed, que llevaron los procesos de presuntos integrantes de la banda delictiva que lideraba alias &#8216;Negro Arroyo&#8217;, y a la cual se le atribuye el cometimiento de 150 asesinatos, en el pa\u00eds.<\/p>\n<p>El secretario de Estado indic\u00f3 que presentar\u00e1 una denuncia p\u00fablica contra esos funcionarios.<\/p>\n","protected":false},"excerpt":{"rendered":"<p>Los funcionarios, cinco del \u00e1rea Penal y dos de lo Civil, laboraron hasta el 30 de abril, seg\u00fan inform\u00f3 la<\/p>\n","protected":false},"author":1,"featured_media":0,"comment_status":"open","ping_status":"open","sticky":false,"template":"","format":"standard","meta":{"footnotes":""},"categories":[5],"tags":[],"_links":{"self":[{"href":"https:\/\/www.ecuadoraldia.com.ec\/index.php?rest_route=\/wp\/v2\/posts\/2176"}],"collection":[{"href":"https:\/\/www.ecuadoraldia.com.ec\/index.php?rest_route=\/wp\/v2\/posts"}],"about":[{"href":"https:\/\/www.ecuadoraldia.com.ec\/index.php?rest_route=\/wp\/v2\/types\/post"}],"author":[{"embeddable":true,"href":"https:\/\/www.ecuadoraldia.com.ec\/index.php?rest_route=\/wp\/v2\/users\/1"}],"replies":[{"embeddable":true,"href":"https:\/\/www.ecuadoraldia.com.ec\/index.php?rest_route=%2Fwp%2Fv2%2Fcomments&post=2176"}],"version-history":[{"count":1,"href":"https:\/\/www.ecuadoraldia.com.ec\/index.php?rest_route=\/wp\/v2\/posts\/2176\/revisions"}],"predecessor-version":[{"id":2178,"href":"https:\/\/www.ecuadoraldia.com.ec\/index.php?rest_route=\/wp\/v2\/posts\/2176\/revisions\/2178"}],"wp:attachment":[{"href":"https:\/\/www.ecuadoraldia.com.ec\/index.php?rest_route=%2Fwp%2Fv2%2Fmedia&parent=2176"}],"wp:term":[{"taxonomy":"category","embeddable":true,"href":"https:\/\/www.ecuadoraldia.com.ec\/index.php?rest_route=%2Fwp%2Fv2%2Fcategories&post=2176"},{"taxonomy":"post_tag","embeddable":true,"href":"https:\/\/www.ecuadoraldia.com.ec\/index.php?rest_route=%2Fwp%2Fv2%2Ftags&post=2176"}],"curies":[{"name":"wp","href":"https:\/\/api.w.org\/{rel}","templated":true}]}}