{"id":2179,"date":"2014-05-06T12:21:30","date_gmt":"2014-05-06T12:21:30","guid":{"rendered":"http:\/\/www.ecuadoraldia.com.ec\/?p=2179"},"modified":"2014-05-06T12:21:30","modified_gmt":"2014-05-06T12:21:30","slug":"drama-por-cupos-en-inicio-de-clases-en-la-costa","status":"publish","type":"post","link":"https:\/\/www.ecuadoraldia.com.ec\/?p=2179","title":{"rendered":"Drama por cupos en inicio de clases en la Costa"},"content":{"rendered":"<p><a href=\"http:\/\/www.ecuadoraldia.com.ec\/wp-content\/uploads\/2014\/05\/clases-costa.jpg\"><img loading=\"lazy\" decoding=\"async\" src=\"http:\/\/www.ecuadoraldia.com.ec\/wp-content\/uploads\/2014\/05\/clases-costa-300x206.jpg\" alt=\"clases costa\" width=\"300\" height=\"206\" class=\"alignleft size-medium wp-image-2180\" srcset=\"https:\/\/www.ecuadoraldia.com.ec\/wp-content\/uploads\/2014\/05\/clases-costa-300x206.jpg 300w, https:\/\/www.ecuadoraldia.com.ec\/wp-content\/uploads\/2014\/05\/clases-costa.jpg 620w\" sizes=\"(max-width: 300px) 100vw, 300px\" \/><\/a>Cientos de padres de familia protagonizaron ayer en\u00e9rgicos reclamos por la supuesta falta de respuesta a sus solicitudes de reasignaci\u00f3n de cupos escolares para sus hijos.<\/p>\n<p>Los reclamos se concentraron durante el primer d\u00eda del a\u00f1o lectivo 2014-2015 en los distritos 4, 7 y 8 de Guayaquil y en el cant\u00f3n Dur\u00e1n, en Guayas.<\/p>\n<p>Desde las 06:00, los jefes de hogar formaron una larga fila en la puerta del distrito 7, ubicado en el sector de Los Vergeles. Sin embargo, pasadas las 10:00 hicieron notar su presencia con la quema de llantas en la avenida Francisco de Orellana.<\/p>\n<p>Algunos indicaron que sus hijos no aparecen en la n\u00f3mina de estudiantes inscritos para este a\u00f1o, mientras otros se\u00f1alaron que sus representados han sido cambiados de planteles sin previa notificaci\u00f3n.<\/p>\n<p>Aseguran que sus hijos fueron asignados a colegios y escuelas muy distantes de sus lugares de residencia. Unos deben ir a estudiar a 40 cuadras de sus casas y otros a cantones como Nobol, Dur\u00e1n y Daule.<\/p>\n<p>La Polic\u00eda lleg\u00f3 al sitio para controlar la situaci\u00f3n y restablecer el orden en el distrito Vergeles, donde los padres se expresaban.<\/p>\n<p>En Monte Sina\u00ed, ubicado en el km 10,5 de la V\u00eda a Daule, donde funciona el distrito 8, a la altura del Colegio Leonidas Garc\u00eda, m\u00e1s de mil personas esperaban soluciones.<\/p>\n<p>Patricia Quiroz, madre de familia, acudi\u00f3 con su hija al Colegio Provincia de Ca\u00f1ar, en Dur\u00e1n, para el inicio de las clases en el octavo a\u00f1o de Educaci\u00f3n B\u00e1sica, pero debi\u00f3 regresar a su domicilio porque no constaba en el listado. \u201cMi hija apareci\u00f3 en la n\u00f3mina de Internet y ahora me dicen que no est\u00e1\u201d, dijo.<\/p>\n<p>Otro caso es el de Luis Goya, a quien le dijeron en la Unidad Educativa Patria Ecuatoriana, que su hija debe ir a un plantel que est\u00e1 ubicado a 40 cuadras de su casa. \u201cA seis cuadras de mi casa hay un colegio, yo solicit\u00e9 que me la reasignen all\u00ed, pero no, ahora quieren que vaya a uno que est\u00e1 muy lejos\u201d, indic\u00f3.<\/p>\n<p>Esto, mientras durante el fin de semana varias cuadrillas de obreros apuraban la terminaci\u00f3n de aulas temporales hasta que culminen la construcci\u00f3n de las nuevas unidades del milenio. Son m\u00e1s de 900 unidades que se edifican en el sector norte de la ciudad.<\/p>\n<p>De su lado, el Ministerio de Educaci\u00f3n asegur\u00f3 que atender\u00e1 esta semana los reclamos de los padres, de acuerdo con sus n\u00fameros de c\u00e9dula.<\/p>\n<p>El presidente, Rafael Correa, inaugur\u00f3 el a\u00f1o en Manta, e inici\u00f3 su discurso recordando palabras del Papa Francisco: \u201cInvertir en educaci\u00f3n es invertir en Esperanza\u201d.<\/p>\n<p>Destac\u00f3 la inversi\u00f3n en Educaci\u00f3n durante su Gobierno y explic\u00f3 que en todos los colegios ya se est\u00e1 construyendo un centro de educaci\u00f3n inicial para ni\u00f1os de 3 a 5 a\u00f1os. Record\u00f3 que los estudiantes reciben \u00fatiles escolares, uniformes y el desayuno o almuerzo. <\/p>\n<p>Apretones de mano, besos y abrazos entre amigos y compa\u00f1eros marcaron el inicio de clases en Quevedo. Sin embargo, los inconvenientes de a poco se fueron presentando. Muchos estudiantes no constan en los planteles que les hab\u00edan asignado este a\u00f1o por la zonificaci\u00f3n.<\/p>\n<p>Los padres visitaban las unidades educativas para verificar si sus hijos estaban en las listas y se encontraban con la \u201cmala noticia\u201d de que no aparec\u00edan.<br \/>\nPor ejemplo, Mirian Ramos expres\u00f3 que su hija, que va a octavo a\u00f1o, le toc\u00f3 en la Unidad Educativa Manuel de Jes\u00fas Calle, que est\u00e1 a unos 9 kil\u00f3metros de su casa, cuando hay otras a dos cuadras.<\/p>\n<p>En Santo Domingo<\/p>\n<p>\u00b0 Decenas de padres acudieron  ayer a la Direcci\u00f3n Distrital de Educaci\u00f3n con el af\u00e1n de obtener soluciones a sus problemas. En su mayor\u00eda, los reclamos eran por inconvenientes en la asignaci\u00f3n de cupos, fallas en el sistema, trabas en los cambios de establecimientos particulares o de otras provincias al sistema fiscal de educaci\u00f3n o en su caso la asignaci\u00f3n de cupos en planteles alejados del lugar de residencia de los alumnos.<\/p>\n<p>Los padres caminaban largas distancias con el objetivo de acompa\u00f1ar a sus peque\u00f1os en este d\u00eda. <\/p>\n<p>\u00b0 A pesar de que ayer inici\u00f3 el nuevo periodo escolar de manera escalonada todav\u00eda se encuentran registrando a estudiantes que no constaban en el sistema.<\/p>\n<p>Pero, hay otros que ni siquiera aparecen en los listados del Ministerio de Educaci\u00f3n, a pesar de haberse inscrito, por lo que, hay padres que siguen buscando un cupo para sus hijos.<\/p>\n<p>2\u2019113.004<br \/>\nestudiantes vuelven a clases este a\u00f1o.<\/p>\n","protected":false},"excerpt":{"rendered":"<p>Cientos de padres de familia protagonizaron ayer en\u00e9rgicos reclamos por la supuesta falta de respuesta a sus solicitudes de reasignaci\u00f3n<\/p>\n","protected":false},"author":1,"featured_media":0,"comment_status":"open","ping_status":"open","sticky":false,"template":"","format":"standard","meta":{"footnotes":""},"categories":[4],"tags":[],"_links":{"self":[{"href":"https:\/\/www.ecuadoraldia.com.ec\/index.php?rest_route=\/wp\/v2\/posts\/2179"}],"collection":[{"href":"https:\/\/www.ecuadoraldia.com.ec\/index.php?rest_route=\/wp\/v2\/posts"}],"about":[{"href":"https:\/\/www.ecuadoraldia.com.ec\/index.php?rest_route=\/wp\/v2\/types\/post"}],"author":[{"embeddable":true,"href":"https:\/\/www.ecuadoraldia.com.ec\/index.php?rest_route=\/wp\/v2\/users\/1"}],"replies":[{"embeddable":true,"href":"https:\/\/www.ecuadoraldia.com.ec\/index.php?rest_route=%2Fwp%2Fv2%2Fcomments&post=2179"}],"version-history":[{"count":1,"href":"https:\/\/www.ecuadoraldia.com.ec\/index.php?rest_route=\/wp\/v2\/posts\/2179\/revisions"}],"predecessor-version":[{"id":2181,"href":"https:\/\/www.ecuadoraldia.com.ec\/index.php?rest_route=\/wp\/v2\/posts\/2179\/revisions\/2181"}],"wp:attachment":[{"href":"https:\/\/www.ecuadoraldia.com.ec\/index.php?rest_route=%2Fwp%2Fv2%2Fmedia&parent=2179"}],"wp:term":[{"taxonomy":"category","embeddable":true,"href":"https:\/\/www.ecuadoraldia.com.ec\/index.php?rest_route=%2Fwp%2Fv2%2Fcategories&post=2179"},{"taxonomy":"post_tag","embeddable":true,"href":"https:\/\/www.ecuadoraldia.com.ec\/index.php?rest_route=%2Fwp%2Fv2%2Ftags&post=2179"}],"curies":[{"name":"wp","href":"https:\/\/api.w.org\/{rel}","templated":true}]}}