{"id":2182,"date":"2014-05-06T12:24:53","date_gmt":"2014-05-06T12:24:53","guid":{"rendered":"http:\/\/www.ecuadoraldia.com.ec\/?p=2182"},"modified":"2014-05-06T12:24:53","modified_gmt":"2014-05-06T12:24:53","slug":"se-ahonda-disputa-entre-el-estado-y-los-sarayakus","status":"publish","type":"post","link":"https:\/\/www.ecuadoraldia.com.ec\/?p=2182","title":{"rendered":"Se ahonda disputa entre el Estado y los sarayakus"},"content":{"rendered":"<p><a href=\"http:\/\/www.ecuadoraldia.com.ec\/wp-content\/uploads\/2014\/05\/saraya.jpg\"><img loading=\"lazy\" decoding=\"async\" src=\"http:\/\/www.ecuadoraldia.com.ec\/wp-content\/uploads\/2014\/05\/saraya-300x237.jpg\" alt=\"saraya\" width=\"300\" height=\"237\" class=\"alignleft size-medium wp-image-2183\" srcset=\"https:\/\/www.ecuadoraldia.com.ec\/wp-content\/uploads\/2014\/05\/saraya-300x237.jpg 300w, https:\/\/www.ecuadoraldia.com.ec\/wp-content\/uploads\/2014\/05\/saraya.jpg 329w\" sizes=\"(max-width: 300px) 100vw, 300px\" \/><\/a>El ministro del Interior, Jos\u00e9 Serrano, asegur\u00f3 que la comunidad de Sarayaku impidi\u00f3 ayer en la ma\u00f1ana un operativo de la fuerza p\u00fablica encaminado a \u201cverificar\u201d si en esa comunidad amaz\u00f3nica se encuentran Cl\u00e9ver Jim\u00e9nez, Fernando Villavicencio y Carlos Figueroa, a quienes calific\u00f3 como pr\u00f3fugos de la justicia, ya que deben cumplir una sentencia por injurias contra el presidente, Rafael Correa.<\/p>\n<p>Seg\u00fan relat\u00f3 el Ministro, a las 09:00 dos helic\u00f3pteros de la Polic\u00eda aterrizaron en la pista de Sarayaku. En la una aeronave viajaban el director nacional de la Polic\u00eda Judicial, Milton Z\u00e1rate, y un fiscal, mientras que en el otro iban dos miembros de la Polic\u00eda y dos camar\u00f3grafos para registrar los hechos. \u201cNinguno estaba armado (\u2026). Se acerc\u00f3 uno de los supuestos miembros de la comunidad a quien se le inform\u00f3 cu\u00e1l era del objetivo\u201d, manifest\u00f3 Serrano. Seg\u00fan agreg\u00f3 el fiscal general, Galo Chiriboga, \u00e9l recomend\u00f3 a los uniformados que fueran desarmados.<\/p>\n<p>Sin embargo, a decir del funcionario, entre 250 y 300 integrantes de la comunidad no permitieron el ingreso al territorio \u201cen una actitud hostil\u201d.<\/p>\n<p>Por su parte, Patricia Gualinga, dirigente de esa comunidad, en di\u00e1logo con Diario La Hora, a trav\u00e9s de correo electr\u00f3nico, manifest\u00f3 que el aterrizaje no dur\u00f3 m\u00e1s de un minuto y que cuando se acercaron a preguntar qu\u00e9 quer\u00edan, les informaron que hab\u00edan ido a darles protecci\u00f3n y que la comunidad se aglutin\u00f3 alrededor del helic\u00f3ptero alarmada por esa presencia sorpresiva.<\/p>\n<p>Serrano critic\u00f3 que entre los ind\u00edgenas que se acercaron estuviesen personas encapuchadas, as\u00ed como mujeres y adolescentes con lanzas y machetes. Pero adem\u00e1s, cuestion\u00f3 que en un reportaje de diario Expreso aparezcan los tres procesados resguardados por gente armada, a los que calific\u00f3 de \u201cparamilitares\u201d.<\/p>\n<p>\u201cEsto no lo podemos permitir. El Gobierno rechaza esta acci\u00f3n beligerante que demuestra el intento por vulnerar el estado de derecho\u201d, manifest\u00f3. \u201cNo son lanzas, no son piedritas, son armas de fuego. (\u2026) No es una escopetita para matar aves en cacer\u00eda\u201d, dijo.<\/p>\n<p>Gualinga rechaz\u00f3 la versi\u00f3n del Ministro y asegur\u00f3 que el grupo que se acerc\u00f3 al helic\u00f3ptero no estaba armado y en relaci\u00f3n a las fotos a\u00f1adi\u00f3 que son escopetas de cacer\u00eda, que siempre las han utilizado para proveer a sus familias.<\/p>\n<p>En este mismo sentido se pronunci\u00f3 el legislador por Pachakutik Pepe Acacho, quien asegur\u00f3 que no hay por qu\u00e9 alarmarse, ya que no son armas contundentes como las que tienen los militares o polic\u00edas.<\/p>\n<p>Por su parte, Milton Gual\u00e1n, quien reemplaz\u00f3 a Jim\u00e9nez en la curul, asegur\u00f3 que lo actuado por parte de la Polic\u00eda constituye un hostigamiento hacia ese pueblo. <\/p>\n<p>\u00b0 La ministra de Justicia, Ledy Z\u00fa\u00f1iga, manifest\u00f3 que el pueblo Sarayaku no puede aducir que protege a los tres procesados amparado en las medidas cautelares y la sentencia que a su favor dict\u00f3 la Corte Interamericana de Derechos Humanos (CorteIdh), ya que esta se refiere al retiro de pentolita.<\/p>\n<p>Pero, para los dirigentes de la comunidad, lo que no se justifica es que el Gobierno ignore las medidas cautelares dictadas a favor de los tres sentenciados. \u201cSe supone que estas instancias de protecci\u00f3n de Derechos Humanos fueron creadas para proteger derechos cuando un Estado no garantiza imparcialidad, como es en este caso\u201d, dijo Patricia Gualinga.<\/p>\n<p>250 d\u00edgenas habr\u00edan impedido la medida, seg\u00fan Serrano.<\/p>\n<p>18.meses de prisi\u00f3n deber\u00eda guardar Jim\u00e9nez.(La hora)<\/p>\n","protected":false},"excerpt":{"rendered":"<p>El ministro del Interior, Jos\u00e9 Serrano, asegur\u00f3 que la comunidad de Sarayaku impidi\u00f3 ayer en la ma\u00f1ana un operativo de<\/p>\n","protected":false},"author":1,"featured_media":0,"comment_status":"open","ping_status":"open","sticky":false,"template":"","format":"standard","meta":{"footnotes":""},"categories":[5],"tags":[],"_links":{"self":[{"href":"https:\/\/www.ecuadoraldia.com.ec\/index.php?rest_route=\/wp\/v2\/posts\/2182"}],"collection":[{"href":"https:\/\/www.ecuadoraldia.com.ec\/index.php?rest_route=\/wp\/v2\/posts"}],"about":[{"href":"https:\/\/www.ecuadoraldia.com.ec\/index.php?rest_route=\/wp\/v2\/types\/post"}],"author":[{"embeddable":true,"href":"https:\/\/www.ecuadoraldia.com.ec\/index.php?rest_route=\/wp\/v2\/users\/1"}],"replies":[{"embeddable":true,"href":"https:\/\/www.ecuadoraldia.com.ec\/index.php?rest_route=%2Fwp%2Fv2%2Fcomments&post=2182"}],"version-history":[{"count":1,"href":"https:\/\/www.ecuadoraldia.com.ec\/index.php?rest_route=\/wp\/v2\/posts\/2182\/revisions"}],"predecessor-version":[{"id":2184,"href":"https:\/\/www.ecuadoraldia.com.ec\/index.php?rest_route=\/wp\/v2\/posts\/2182\/revisions\/2184"}],"wp:attachment":[{"href":"https:\/\/www.ecuadoraldia.com.ec\/index.php?rest_route=%2Fwp%2Fv2%2Fmedia&parent=2182"}],"wp:term":[{"taxonomy":"category","embeddable":true,"href":"https:\/\/www.ecuadoraldia.com.ec\/index.php?rest_route=%2Fwp%2Fv2%2Fcategories&post=2182"},{"taxonomy":"post_tag","embeddable":true,"href":"https:\/\/www.ecuadoraldia.com.ec\/index.php?rest_route=%2Fwp%2Fv2%2Ftags&post=2182"}],"curies":[{"name":"wp","href":"https:\/\/api.w.org\/{rel}","templated":true}]}}