{"id":2186,"date":"2014-05-06T23:31:06","date_gmt":"2014-05-06T23:31:06","guid":{"rendered":"http:\/\/www.ecuadoraldia.com.ec\/?p=2186"},"modified":"2014-05-06T23:31:06","modified_gmt":"2014-05-06T23:31:06","slug":"zobeida-gudino-hay-que-evaluar-aplicacion-del-decreto-060","status":"publish","type":"post","link":"https:\/\/www.ecuadoraldia.com.ec\/?p=2186","title":{"rendered":"Zobeida Gudi\u00f1o: Hay que evaluar aplicaci\u00f3n del decreto 060"},"content":{"rendered":"<p><span style=\"line-height: 1.5em;\"><a href=\"http:\/\/www.ecuadoraldia.com.ec\/wp-content\/uploads\/2014\/05\/zobeida_gudi\u00f1o.jpg\"><img loading=\"lazy\" decoding=\"async\" class=\"alignleft size-medium wp-image-2187\" alt=\"zobeida_gudi\u00f1o\" src=\"http:\/\/www.ecuadoraldia.com.ec\/wp-content\/uploads\/2014\/05\/zobeida_gudi\u00f1o-300x200.jpg\" width=\"300\" height=\"200\" srcset=\"https:\/\/www.ecuadoraldia.com.ec\/wp-content\/uploads\/2014\/05\/zobeida_gudi\u00f1o-300x200.jpg 300w, https:\/\/www.ecuadoraldia.com.ec\/wp-content\/uploads\/2014\/05\/zobeida_gudi\u00f1o-1024x682.jpg 1024w, https:\/\/www.ecuadoraldia.com.ec\/wp-content\/uploads\/2014\/05\/zobeida_gudi\u00f1o.jpg 1200w\" sizes=\"(max-width: 300px) 100vw, 300px\" \/><\/a>La Asamble\u00edsta de la provincia de Zamora Chinchipe, Zobeida Gudi\u00f1o, solicit\u00f3 al Subsecretario de Empleo y Salarios del Ministerio de Relaciones Laborales un informe detallado acerca del cumplimiento del Plan Plurinacional para eliminar la Discriminaci\u00f3n Racial y la Exclusi\u00f3n \u00c9tnica y Cultural, m\u00e1s conocido como decreto 060, firmado por el Presidente Rafael Correa en septiembre de 2009, para beneficiar a las minor\u00edas \u00e9tnicas del pa\u00eds: afros, ind\u00edgenas y montubios, en materia laboral para su inclusi\u00f3n en instituciones del sector p\u00fablico.<\/span><\/p>\n<p>En el documento remitido por la mencionada cartera de Estado, se da a conocer que la aplicaci\u00f3n de acciones afirmativas del Plan Plurinacional para Eliminar la Discriminaci\u00f3n Racial y la Exclusi\u00f3n \u00c9tnica y Cultural, se cumple dentro de las instituciones del Estado sujetas al \u00e1mbito de la Ley Org\u00e1nica de Servicio P\u00fablico, las mismas que otorgan cinco puntos adicionales sobre la calificaci\u00f3n obtenida en el puntaje final, siempre que previamente hayan obtenido por los menos setenta puntos en la evaluaci\u00f3n, beneficio exclusivo para aquellas personas que pertenezcan a estas minor\u00edas \u00e9tnicas y que participen para ocupar una vacante dentro de una instituci\u00f3n del Estado, hasta que la instituci\u00f3n alcance el porcentaje equivalente a la proporci\u00f3n de su poblaci\u00f3n del total nacional en relaci\u00f3n a la totalidad de la n\u00f3mina institucional.<\/p>\n<p>Adem\u00e1s, se inform\u00f3 que hasta marzo de 2014, a trav\u00e9s del Servicio P\u00fablico de Empleo Red Socio Empleo, alrededor de 53 614 personas auto identificadas como afroecuatorianos, ind\u00edgenas y montubios, actualmente se encuentra trabajando con la aplicaci\u00f3n del decreto 060.<\/p>\n<p>La legisladora amaz\u00f3nica subray\u00f3 la importancia de la aplicaci\u00f3n de pol\u00edticas p\u00fablicas que van en beneficio principalmente de las minor\u00edas \u00e9tnicas del pa\u00eds, hist\u00f3ricamente sublevadas a un segundo plano, inst\u00f3 a las instituciones p\u00fablicas a nivel nacional a cumplir con est\u00e1 medida para incorporar mediante el procedimiento debido a sus filas personal pertenecientes a estos grupos sociales.<\/p>\n","protected":false},"excerpt":{"rendered":"<p>La Asamble\u00edsta de la provincia de Zamora Chinchipe, Zobeida Gudi\u00f1o, solicit\u00f3 al Subsecretario de Empleo y Salarios del Ministerio de<\/p>\n","protected":false},"author":1,"featured_media":0,"comment_status":"open","ping_status":"open","sticky":false,"template":"","format":"standard","meta":{"footnotes":""},"categories":[3],"tags":[],"_links":{"self":[{"href":"https:\/\/www.ecuadoraldia.com.ec\/index.php?rest_route=\/wp\/v2\/posts\/2186"}],"collection":[{"href":"https:\/\/www.ecuadoraldia.com.ec\/index.php?rest_route=\/wp\/v2\/posts"}],"about":[{"href":"https:\/\/www.ecuadoraldia.com.ec\/index.php?rest_route=\/wp\/v2\/types\/post"}],"author":[{"embeddable":true,"href":"https:\/\/www.ecuadoraldia.com.ec\/index.php?rest_route=\/wp\/v2\/users\/1"}],"replies":[{"embeddable":true,"href":"https:\/\/www.ecuadoraldia.com.ec\/index.php?rest_route=%2Fwp%2Fv2%2Fcomments&post=2186"}],"version-history":[{"count":1,"href":"https:\/\/www.ecuadoraldia.com.ec\/index.php?rest_route=\/wp\/v2\/posts\/2186\/revisions"}],"predecessor-version":[{"id":2188,"href":"https:\/\/www.ecuadoraldia.com.ec\/index.php?rest_route=\/wp\/v2\/posts\/2186\/revisions\/2188"}],"wp:attachment":[{"href":"https:\/\/www.ecuadoraldia.com.ec\/index.php?rest_route=%2Fwp%2Fv2%2Fmedia&parent=2186"}],"wp:term":[{"taxonomy":"category","embeddable":true,"href":"https:\/\/www.ecuadoraldia.com.ec\/index.php?rest_route=%2Fwp%2Fv2%2Fcategories&post=2186"},{"taxonomy":"post_tag","embeddable":true,"href":"https:\/\/www.ecuadoraldia.com.ec\/index.php?rest_route=%2Fwp%2Fv2%2Ftags&post=2186"}],"curies":[{"name":"wp","href":"https:\/\/api.w.org\/{rel}","templated":true}]}}