{"id":2192,"date":"2014-05-07T13:10:58","date_gmt":"2014-05-07T13:10:58","guid":{"rendered":"http:\/\/www.ecuadoraldia.com.ec\/?p=2192"},"modified":"2014-05-07T13:10:58","modified_gmt":"2014-05-07T13:10:58","slug":"la-inversion-en-salud-sera-de-625-millones-en-guayaquil","status":"publish","type":"post","link":"https:\/\/www.ecuadoraldia.com.ec\/?p=2192","title":{"rendered":"La inversi\u00f3n en salud ser\u00e1 de 625 millones en Guayaquil"},"content":{"rendered":"<p><a href=\"http:\/\/www.ecuadoraldia.com.ec\/wp-content\/uploads\/2014\/05\/correa-2.jpg\"><img loading=\"lazy\" decoding=\"async\" class=\"alignleft size-medium wp-image-2193\" alt=\"ACT WEB POL GYE Presidente Correa recorri\u00c3\u00b3 infraestructura del hospi\" src=\"http:\/\/www.ecuadoraldia.com.ec\/wp-content\/uploads\/2014\/05\/correa-2-300x199.jpg\" width=\"300\" height=\"199\" srcset=\"https:\/\/www.ecuadoraldia.com.ec\/wp-content\/uploads\/2014\/05\/correa-2-300x199.jpg 300w, https:\/\/www.ecuadoraldia.com.ec\/wp-content\/uploads\/2014\/05\/correa-2.jpg 800w\" sizes=\"(max-width: 300px) 100vw, 300px\" \/><\/a>El Gobierno desembolsar\u00e1 625 millones de d\u00f3lares hasta 2017 en infraestructura y equipamiento en salud para Guayaquil. El dinero financiar\u00e1 la construcci\u00f3n, ya en marcha en algunos casos, de nuevos hospitales y centros de salud, hasta lograr el est\u00e1ndar internacional de dos camas por cada mil habitantes.<\/p>\n<p>El anuncio fue hecho por la ministra de Salud, Carina Vance, durante la charla explicativa que ofreci\u00f3 al presidente de la Rep\u00fablica, Rafael Correa, quien ayer recorri\u00f3 las instalaciones del Hospital Universitario, en donde se prev\u00e9 un plan de fortalecimiento y ampliaci\u00f3n. Este nosocomio tiene capacidad para 108 camas y la meta es ampliarla a 240.<\/p>\n<p>En mayo del a\u00f1o pasado el hospital, con su personal, pas\u00f3 de la Universidad Estatal al Ministerio de Salud y desde all\u00ed empezaron las obras para su mejoramiento. El centro, ubicado en la v\u00eda Perimetral, est\u00e1 muy cerca de los sectores m\u00e1s pobres del puerto principal, como Basti\u00f3n Popular, entre otros.<\/p>\n<p>\u201cEn la d\u00e9cada del 70 se cre\u00f3 un impuesto del 2 por mil del capital de las empresas asentadas en Guayaquil para construir este hospital\u201d, dijo el Mandatario, refiri\u00e9ndose a los a\u00f1os que demor\u00f3 en ser edificada la unidad de salud.<\/p>\n<p>La construcci\u00f3n reci\u00e9n comenz\u00f3 en 1995, pero no fue completamente terminada. Adem\u00e1s, hab\u00eda \u00e1reas que eran subutilizadas, se cobraba el servicio y, pese a las diez hect\u00e1reas de terreno, apenas ten\u00eda capacidad para 108 camas. \u201cMiren c\u00f3mo ha cambiado este hospital. Se ha hecho m\u00e1s en estos meses que lo que se hizo en muchos a\u00f1os\u201d, expres\u00f3 el gobernante.<\/p>\n<p>Desde que el ministerio asumi\u00f3 su gesti\u00f3n, aument\u00f3 el n\u00famero de especialistas, se ha mejorado el equipamiento y en dos meses se prev\u00e9 completar el edificio de consulta externa y el nuevo bloque para el \u00e1rea de hospitalizaci\u00f3n.<\/p>\n<p>Con esta inversi\u00f3n, se pretende que Guayaquil, que tiene un d\u00e9ficit hospitalario (1,43 camas por cada mil habitantes), logre el est\u00e1ndar internacional, ya que, adem\u00e1s del Abel Gilbert Pont\u00f3n y el Universitario, estar\u00e1n los hospitales de Monte Sina\u00ed, Guasmo Sur, del IESS y otro en Daule.<\/p>\n<p>Ampliaci\u00f3n<\/p>\n<p>Seg\u00fan datos del Ministerio de Salud, el Hospital Universitario atender\u00e1 a una poblaci\u00f3n de 3,6 millones de personas, sobre todo a quienes habitan en la parte norte de la ciudad y sus \u00e1reas de influencia.<\/p>\n<p>La Universidad de Guayaquil, de acuerdo con el convenio de traspaso, continuar\u00e1 realizando actividades de docencia e investigaci\u00f3n. Tambi\u00e9n se garantizar\u00e1 el servicio de forma gratuita.<\/p>\n<p>Actualmente esta casa de salud cuenta con 108 camas para hospitalizaci\u00f3n, 6 para cuidados intensivos de adultos, 18 en neonatolog\u00eda, 5 en la unidad de cuidados intensivos pedi\u00e1tricos y 5 quir\u00f3fanos.<\/p>\n<p>Para el Jefe de Estado, estas obras significan un avance en materia de justicia social para los guayaquile\u00f1os. \u201cEl modelo hist\u00f3rico de Guayaquil ha sido de la caridad, es la ciudad con m\u00e1s d\u00e9ficit en camas hospitalarias, pero pronto eso ser\u00e1 el pasado\u201d, asever\u00f3.<\/p>\n<p>Ante decenas de usuarios de la casa asistencial y autoridades provinciales, Correa manifest\u00f3 que antes no se hac\u00edan hospitales en Guayaquil y que solo exist\u00eda la Junta de Beneficencia. \u201cEra el modelo de las oligarqu\u00edas y de la caridad, pero la ciudadan\u00eda no necesita caridad sino igualdad de oportunidades\u201d, enfatiz\u00f3.<\/p>\n<p>Luego de esta explicaci\u00f3n, el Primer Mandatario se traslad\u00f3 hasta el edificio La Moneda, en el centro de Guayaquil. All\u00ed funcionaba el Banco Territorial, que fue declarado en liquidaci\u00f3n.<\/p>\n<p>En ese punto recorri\u00f3 las instalaciones y luego tuvo una reuni\u00f3n reservada con los funcionarios que est\u00e1n a cargo del proceso de liquidaci\u00f3n.<\/p>\n<p>La entidad fue cerrada el a\u00f1o pasado y su administraci\u00f3n est\u00e1 a cargo del Estado.<\/p>\n<p>UBICACI\u00d3N DE PUERTO EST\u00c1 EN ESTUDIO<\/p>\n<p>En una reuni\u00f3n con empresarios de Guayaquil, la ministra de Transporte y Obras P\u00fablicas, Paola Carvajal, anunci\u00f3 que para el tercer trimestre de este a\u00f1o habr\u00e1 una definici\u00f3n respecto de la ubicaci\u00f3n para la construcci\u00f3n del puerto de gran calado de esta localidad.<\/p>\n<p>Se\u00f1al\u00f3 que ser\u00e1n los estudios los que determinar\u00e1n su ubicaci\u00f3n, seg\u00fan las mejores condiciones de competitividad.<\/p>\n<p>\u201cEn el momento que tengamos la ubicaci\u00f3n exacta para el nuevo puerto, en relaci\u00f3n a si ofrece mejores condiciones de competitividad, seremos los primeros en anunciarlo y podremos ofrecerles todo el sustento t\u00e9cnico\u201d, expres\u00f3 la Ministra ante los empresarios.<\/p>\n<p>Respecto de la especializaci\u00f3n de los puertos, sostuvo que se trata de encontrar las mejores condiciones para recibir cierto tipo de carga y de productos; adem\u00e1s, que el decreto presidencial busca unificar la pol\u00edtica de los puertos de Esmeraldas, Manta, Guayaquil y Bol\u00edvar para que no compitan entre s\u00ed.<\/p>\n<p>Tambi\u00e9n explic\u00f3 el Plan Estrat\u00e9gico de Movilidad y la red vial estatal. La funcionaria se\u00f1al\u00f3 que m\u00e1s del 65% de las v\u00edas a nivel nacional est\u00e1 en buen estado y se aspira a incrementar de 9.500 a 14.000 km las carreteras \u00f3ptimas.<\/p>\n<p>Asimismo, mencion\u00f3 los proyectos e inversiones en carreteras, puertos y aeropuertos, los avances y proyecciones que ofrece el corredor multimodal Manta-Manaos, adem\u00e1s de la conectividad y log\u00edstica impulsadas por la entidad.(El Tel\u00e9grafo)<\/p>\n","protected":false},"excerpt":{"rendered":"<p>El Gobierno desembolsar\u00e1 625 millones de d\u00f3lares hasta 2017 en infraestructura y equipamiento en salud para Guayaquil. El dinero financiar\u00e1<\/p>\n","protected":false},"author":1,"featured_media":0,"comment_status":"open","ping_status":"open","sticky":false,"template":"","format":"standard","meta":{"footnotes":""},"categories":[11,3],"tags":[],"_links":{"self":[{"href":"https:\/\/www.ecuadoraldia.com.ec\/index.php?rest_route=\/wp\/v2\/posts\/2192"}],"collection":[{"href":"https:\/\/www.ecuadoraldia.com.ec\/index.php?rest_route=\/wp\/v2\/posts"}],"about":[{"href":"https:\/\/www.ecuadoraldia.com.ec\/index.php?rest_route=\/wp\/v2\/types\/post"}],"author":[{"embeddable":true,"href":"https:\/\/www.ecuadoraldia.com.ec\/index.php?rest_route=\/wp\/v2\/users\/1"}],"replies":[{"embeddable":true,"href":"https:\/\/www.ecuadoraldia.com.ec\/index.php?rest_route=%2Fwp%2Fv2%2Fcomments&post=2192"}],"version-history":[{"count":1,"href":"https:\/\/www.ecuadoraldia.com.ec\/index.php?rest_route=\/wp\/v2\/posts\/2192\/revisions"}],"predecessor-version":[{"id":2194,"href":"https:\/\/www.ecuadoraldia.com.ec\/index.php?rest_route=\/wp\/v2\/posts\/2192\/revisions\/2194"}],"wp:attachment":[{"href":"https:\/\/www.ecuadoraldia.com.ec\/index.php?rest_route=%2Fwp%2Fv2%2Fmedia&parent=2192"}],"wp:term":[{"taxonomy":"category","embeddable":true,"href":"https:\/\/www.ecuadoraldia.com.ec\/index.php?rest_route=%2Fwp%2Fv2%2Fcategories&post=2192"},{"taxonomy":"post_tag","embeddable":true,"href":"https:\/\/www.ecuadoraldia.com.ec\/index.php?rest_route=%2Fwp%2Fv2%2Ftags&post=2192"}],"curies":[{"name":"wp","href":"https:\/\/api.w.org\/{rel}","templated":true}]}}