{"id":2206,"date":"2014-05-08T02:52:52","date_gmt":"2014-05-08T02:52:52","guid":{"rendered":"http:\/\/www.ecuadoraldia.com.ec\/?p=2206"},"modified":"2014-05-08T02:52:52","modified_gmt":"2014-05-08T02:52:52","slug":"audiencia-de-juicio-contra-veedores-se-postergo-para-el-proximo-viernes","status":"publish","type":"post","link":"https:\/\/www.ecuadoraldia.com.ec\/?p=2206","title":{"rendered":"Audiencia de juicio contra veedores se posterg\u00f3 para el pr\u00f3ximo viernes"},"content":{"rendered":"<p><a href=\"http:\/\/www.ecuadoraldia.com.ec\/wp-content\/uploads\/2014\/05\/cherman.jpg\"><img loading=\"lazy\" decoding=\"async\" class=\"alignleft size-medium wp-image-2207\" alt=\"cherman\" src=\"http:\/\/www.ecuadoraldia.com.ec\/wp-content\/uploads\/2014\/05\/cherman-300x205.jpg\" width=\"300\" height=\"205\" srcset=\"https:\/\/www.ecuadoraldia.com.ec\/wp-content\/uploads\/2014\/05\/cherman-300x205.jpg 300w, https:\/\/www.ecuadoraldia.com.ec\/wp-content\/uploads\/2014\/05\/cherman.jpg 450w\" sizes=\"(max-width: 300px) 100vw, 300px\" \/><\/a>El Tribunal Octavo de Garant\u00edas Penales de Pichincha, suspendi\u00f3 hoy la audiencia de juzgamiento, por el supuesto delito de perjurio, contra los cuatro veedores de los contratos de Fabricio Correa con el Estado.<\/p>\n<p>El juicio se realiza contra Pablo Chambers, coordinador de la Comisi\u00f3n; Jos\u00e9 Quishpe, Gerardo Portilla y V\u00edctor Hugo Hidalgo.<\/p>\n<p>El proceso se suspendi\u00f3 luego de que Ramiro Rom\u00e1n, abogado de Chambers, rechaz\u00f3 que el fiscal Fabi\u00e1n Almeida lea el testimonio escrito y juramentado del presidente de la Rep\u00fablica, Rafael Correa, a trav\u00e9s de la secretaria del Tribunal.<\/p>\n<p>Rom\u00e1n pidi\u00f3 que la declaraci\u00f3n se lea del documento original y no de una copia, como se iba hacer en un principio.<\/p>\n<p>El testimonio impreso lleg\u00f3 al Tribunal hoy a las 08:28, a trav\u00e9s de Gutenberg Vera, abogado del Primer Mandatario. No obstante, en la audiencia, la secretaria no encontr\u00f3 el archivo original.<\/p>\n<p>Luego de que Vera present\u00f3 la declaraci\u00f3n del presidente Correa, se\u00f1al\u00f3 ante la prensa que las afirmaciones de los veedores intentaron da\u00f1ar la honra del mandatario.<\/p>\n<p>Por ello record\u00f3 que el 5 de febrero de este a\u00f1o, la Sala Penal de la Corte Provincial de Pichincha desech\u00f3 el recurso de nulidad presentado por los miembros de la Comisi\u00f3n y ratific\u00f3 el auto de llamamiento a juicio que se dict\u00f3 el 11 de septiembre de 2012.<\/p>\n<p>Chambers, Portillo, Hidalgo y Quishpe enfrentan una demanda del presidente Correa por supuesto delito de falso testimonio. Ellos fueron designados de indagar los contratos que su hermano Fabricio Correa suscribi\u00f3 con el Estado para la construcci\u00f3n de varias obras viales por un monto aproximado de $657 millones.<\/p>\n<p>El informe de los veedores se\u00f1al\u00f3 que el Primer Mandatario si conoc\u00eda de los convenios. Correa consider\u00f3 esa afirmaci\u00f3n como un perjurio, por ello inici\u00f3 la demanda.<\/p>\n<p>Este proceso se encuentra en tr\u00e1mite durante 22 meses, tiempo en el cual hubo 25 audiencias fallidas y se cambi\u00f3 de fiscal en 27 ocasiones.<\/p>\n<p>Hasta el momento, se conocieron los testimonios de Marcela Miranda, expresidenta del Consejo de Participaci\u00f3n Ciudadana y Control Social (Cpccs) y de Antonio Vicente Vel\u00e1squez, secretario del Cpccs.<\/p>\n<p>La diligencia se reinstala el pr\u00f3ximo viernes 9 de mayo, a las 08:30.<\/p>\n<p>&nbsp;<\/p>\n","protected":false},"excerpt":{"rendered":"<p>El Tribunal Octavo de Garant\u00edas Penales de Pichincha, suspendi\u00f3 hoy la audiencia de juzgamiento, por el supuesto delito de perjurio,<\/p>\n","protected":false},"author":1,"featured_media":0,"comment_status":"open","ping_status":"open","sticky":false,"template":"","format":"standard","meta":{"footnotes":""},"categories":[5],"tags":[],"_links":{"self":[{"href":"https:\/\/www.ecuadoraldia.com.ec\/index.php?rest_route=\/wp\/v2\/posts\/2206"}],"collection":[{"href":"https:\/\/www.ecuadoraldia.com.ec\/index.php?rest_route=\/wp\/v2\/posts"}],"about":[{"href":"https:\/\/www.ecuadoraldia.com.ec\/index.php?rest_route=\/wp\/v2\/types\/post"}],"author":[{"embeddable":true,"href":"https:\/\/www.ecuadoraldia.com.ec\/index.php?rest_route=\/wp\/v2\/users\/1"}],"replies":[{"embeddable":true,"href":"https:\/\/www.ecuadoraldia.com.ec\/index.php?rest_route=%2Fwp%2Fv2%2Fcomments&post=2206"}],"version-history":[{"count":1,"href":"https:\/\/www.ecuadoraldia.com.ec\/index.php?rest_route=\/wp\/v2\/posts\/2206\/revisions"}],"predecessor-version":[{"id":2208,"href":"https:\/\/www.ecuadoraldia.com.ec\/index.php?rest_route=\/wp\/v2\/posts\/2206\/revisions\/2208"}],"wp:attachment":[{"href":"https:\/\/www.ecuadoraldia.com.ec\/index.php?rest_route=%2Fwp%2Fv2%2Fmedia&parent=2206"}],"wp:term":[{"taxonomy":"category","embeddable":true,"href":"https:\/\/www.ecuadoraldia.com.ec\/index.php?rest_route=%2Fwp%2Fv2%2Fcategories&post=2206"},{"taxonomy":"post_tag","embeddable":true,"href":"https:\/\/www.ecuadoraldia.com.ec\/index.php?rest_route=%2Fwp%2Fv2%2Ftags&post=2206"}],"curies":[{"name":"wp","href":"https:\/\/api.w.org\/{rel}","templated":true}]}}