{"id":2209,"date":"2014-05-08T02:56:01","date_gmt":"2014-05-08T02:56:01","guid":{"rendered":"http:\/\/www.ecuadoraldia.com.ec\/?p=2209"},"modified":"2014-05-08T02:56:01","modified_gmt":"2014-05-08T02:56:01","slug":"raul-baca-carbo-connotado-politico-ecuatoriano-murio-ayer-en-quito","status":"publish","type":"post","link":"https:\/\/www.ecuadoraldia.com.ec\/?p=2209","title":{"rendered":"Ra\u00fal Baca Carbo connotado pol\u00edtico ecuatoriano muri\u00f3 ayer en Quito"},"content":{"rendered":"<p><a href=\"http:\/\/www.ecuadoraldia.com.ec\/wp-content\/uploads\/2014\/05\/baca-carbo.jpg\"><img loading=\"lazy\" decoding=\"async\" class=\"alignleft size-medium wp-image-2210\" alt=\"baca carbo\" src=\"http:\/\/www.ecuadoraldia.com.ec\/wp-content\/uploads\/2014\/05\/baca-carbo-300x225.jpg\" width=\"300\" height=\"225\" srcset=\"https:\/\/www.ecuadoraldia.com.ec\/wp-content\/uploads\/2014\/05\/baca-carbo-300x225.jpg 300w, https:\/\/www.ecuadoraldia.com.ec\/wp-content\/uploads\/2014\/05\/baca-carbo.jpg 480w\" sizes=\"(max-width: 300px) 100vw, 300px\" \/><\/a>El expresidente del Congreso Nacional y l\u00edder hist\u00f3rico de la extinta Izquierda Democr\u00e1tica (ID), Ra\u00fal Baca Carbo, falleci\u00f3 este mi\u00e9rcoles en Quito.<\/p>\n<p>El deceso se produjo en el Hospital Metropolitano.<br \/>\nBaca Carbo, quien naci\u00f3 el 29 de junio de 1931, se desempe\u00f1\u00f3 como alcalde de Guayaquil, fue candidato presidencial por la ID (1992), ministro en varios gobiernos.<br \/>\nSu \u00faltimo cargo p\u00fablico fue de Ministro de Gobierno, durante el gobierno de Lucio Guti\u00e9rrez entre el 2003 y 2004.<\/p>\n","protected":false},"excerpt":{"rendered":"<p>El expresidente del Congreso Nacional y l\u00edder hist\u00f3rico de la extinta Izquierda Democr\u00e1tica (ID), Ra\u00fal Baca Carbo, falleci\u00f3 este mi\u00e9rcoles<\/p>\n","protected":false},"author":1,"featured_media":0,"comment_status":"open","ping_status":"open","sticky":false,"template":"","format":"standard","meta":{"footnotes":""},"categories":[1],"tags":[],"_links":{"self":[{"href":"https:\/\/www.ecuadoraldia.com.ec\/index.php?rest_route=\/wp\/v2\/posts\/2209"}],"collection":[{"href":"https:\/\/www.ecuadoraldia.com.ec\/index.php?rest_route=\/wp\/v2\/posts"}],"about":[{"href":"https:\/\/www.ecuadoraldia.com.ec\/index.php?rest_route=\/wp\/v2\/types\/post"}],"author":[{"embeddable":true,"href":"https:\/\/www.ecuadoraldia.com.ec\/index.php?rest_route=\/wp\/v2\/users\/1"}],"replies":[{"embeddable":true,"href":"https:\/\/www.ecuadoraldia.com.ec\/index.php?rest_route=%2Fwp%2Fv2%2Fcomments&post=2209"}],"version-history":[{"count":1,"href":"https:\/\/www.ecuadoraldia.com.ec\/index.php?rest_route=\/wp\/v2\/posts\/2209\/revisions"}],"predecessor-version":[{"id":2211,"href":"https:\/\/www.ecuadoraldia.com.ec\/index.php?rest_route=\/wp\/v2\/posts\/2209\/revisions\/2211"}],"wp:attachment":[{"href":"https:\/\/www.ecuadoraldia.com.ec\/index.php?rest_route=%2Fwp%2Fv2%2Fmedia&parent=2209"}],"wp:term":[{"taxonomy":"category","embeddable":true,"href":"https:\/\/www.ecuadoraldia.com.ec\/index.php?rest_route=%2Fwp%2Fv2%2Fcategories&post=2209"},{"taxonomy":"post_tag","embeddable":true,"href":"https:\/\/www.ecuadoraldia.com.ec\/index.php?rest_route=%2Fwp%2Fv2%2Ftags&post=2209"}],"curies":[{"name":"wp","href":"https:\/\/api.w.org\/{rel}","templated":true}]}}