{"id":2215,"date":"2014-05-08T03:09:00","date_gmt":"2014-05-08T03:09:00","guid":{"rendered":"http:\/\/www.ecuadoraldia.com.ec\/?p=2215"},"modified":"2014-05-08T03:09:00","modified_gmt":"2014-05-08T03:09:00","slug":"tres-menores-mueren-sepultadas-por-un-derrumbe-en-zamora","status":"publish","type":"post","link":"https:\/\/www.ecuadoraldia.com.ec\/?p=2215","title":{"rendered":"Tres menores mueren sepultadas por un derrumbe en Zamora"},"content":{"rendered":"<p><a href=\"http:\/\/www.ecuadoraldia.com.ec\/wp-content\/uploads\/2014\/05\/derrumbe-zamora.jpg\"><img loading=\"lazy\" decoding=\"async\" class=\"alignleft size-medium wp-image-2216\" alt=\"derrumbe zamora\" src=\"http:\/\/www.ecuadoraldia.com.ec\/wp-content\/uploads\/2014\/05\/derrumbe-zamora-300x225.jpg\" width=\"300\" height=\"225\" srcset=\"https:\/\/www.ecuadoraldia.com.ec\/wp-content\/uploads\/2014\/05\/derrumbe-zamora-300x225.jpg 300w, https:\/\/www.ecuadoraldia.com.ec\/wp-content\/uploads\/2014\/05\/derrumbe-zamora.jpg 456w\" sizes=\"(max-width: 300px) 100vw, 300px\" \/><\/a>ZAMORA CHINCHIPE. Tres mujeres menores de edad perdieron la vida hoy en la madrugada, luego de ser sepultadas por un movimiento de tierra ocasionado por la intensa lluvia que cay\u00f3 en la ciudad de Zamora.<br \/>\nEl tr\u00e1gico suceso ocurri\u00f3 en el barrio El Remolino de la capital de Zamora Chinchipe. La tierra que enterr\u00f3 a las menores se desprendi\u00f3 de una pe\u00f1a contigua a la vivienda donde ellas viv\u00edan.<\/p>\n<p>Carlos Espinoza, uno de los vecinos del sitio y testigo del hecho, dijo que la tragedia ocurri\u00f3 aproximadamente entre las 03:30 y 04:00 y acudi\u00f3 a prestar su ayuda cuando escuch\u00f3 los gritos desesperados de los padres de las menores fallecidas. La pareja conformada por Patricio R. y Cecilia C. ten\u00eda cuatro hijos, de quienes solo uno (hombre) se salv\u00f3.<\/p>\n<p>Seg\u00fan relata Espinoza, el deslave enterr\u00f3 parte de la vivienda de la familia, donde lamentablemente descansaban las tres menores.<\/p>\n<p>Personal de la Polic\u00eda Nacional, Bomberos, Ej\u00e9rcito y vecinos del barrio ayudaron a recuperar los cad\u00e1veres.<\/p>\n<p>Danilo Ortega, director provincial de la Secretar\u00eda Nacional de Gesti\u00f3n de Riesgos (SNGR), indic\u00f3 que las fallecidas ten\u00edan alrededor de 3, 10 y 15 a\u00f1os de edad. Mencion\u00f3 que el sector donde ocurri\u00f3 el percance consta entre los barrios considerados de riesgo por posibles deslizamientos de tierra. (JCG)<\/p>\n<p>Dijo que muchas de las viviendas del sitio fueron construidas antes de haberse fijado las medidas de prevenci\u00f3n por parte de la SNGR.( La hora)<\/p>\n","protected":false},"excerpt":{"rendered":"<p>ZAMORA CHINCHIPE. Tres mujeres menores de edad perdieron la vida hoy en la madrugada, luego de ser sepultadas por un<\/p>\n","protected":false},"author":1,"featured_media":0,"comment_status":"open","ping_status":"open","sticky":false,"template":"","format":"standard","meta":{"footnotes":""},"categories":[11],"tags":[],"_links":{"self":[{"href":"https:\/\/www.ecuadoraldia.com.ec\/index.php?rest_route=\/wp\/v2\/posts\/2215"}],"collection":[{"href":"https:\/\/www.ecuadoraldia.com.ec\/index.php?rest_route=\/wp\/v2\/posts"}],"about":[{"href":"https:\/\/www.ecuadoraldia.com.ec\/index.php?rest_route=\/wp\/v2\/types\/post"}],"author":[{"embeddable":true,"href":"https:\/\/www.ecuadoraldia.com.ec\/index.php?rest_route=\/wp\/v2\/users\/1"}],"replies":[{"embeddable":true,"href":"https:\/\/www.ecuadoraldia.com.ec\/index.php?rest_route=%2Fwp%2Fv2%2Fcomments&post=2215"}],"version-history":[{"count":1,"href":"https:\/\/www.ecuadoraldia.com.ec\/index.php?rest_route=\/wp\/v2\/posts\/2215\/revisions"}],"predecessor-version":[{"id":2217,"href":"https:\/\/www.ecuadoraldia.com.ec\/index.php?rest_route=\/wp\/v2\/posts\/2215\/revisions\/2217"}],"wp:attachment":[{"href":"https:\/\/www.ecuadoraldia.com.ec\/index.php?rest_route=%2Fwp%2Fv2%2Fmedia&parent=2215"}],"wp:term":[{"taxonomy":"category","embeddable":true,"href":"https:\/\/www.ecuadoraldia.com.ec\/index.php?rest_route=%2Fwp%2Fv2%2Fcategories&post=2215"},{"taxonomy":"post_tag","embeddable":true,"href":"https:\/\/www.ecuadoraldia.com.ec\/index.php?rest_route=%2Fwp%2Fv2%2Ftags&post=2215"}],"curies":[{"name":"wp","href":"https:\/\/api.w.org\/{rel}","templated":true}]}}