{"id":2218,"date":"2014-05-08T03:13:46","date_gmt":"2014-05-08T03:13:46","guid":{"rendered":"http:\/\/www.ecuadoraldia.com.ec\/?p=2218"},"modified":"2014-05-08T03:13:46","modified_gmt":"2014-05-08T03:13:46","slug":"parte-policial-electronico-optimizara-trabajo-en-unidades-de-flagrancia","status":"publish","type":"post","link":"https:\/\/www.ecuadoraldia.com.ec\/?p=2218","title":{"rendered":"Parte policial electr\u00f3nico optimizar\u00e1 trabajo en unidades de flagrancia"},"content":{"rendered":"<p><a href=\"http:\/\/www.ecuadoraldia.com.ec\/wp-content\/uploads\/2014\/05\/mesa-justicia.jpg\"><img loading=\"lazy\" decoding=\"async\" class=\"alignleft size-medium wp-image-2219\" alt=\"mesa justicia\" src=\"http:\/\/www.ecuadoraldia.com.ec\/wp-content\/uploads\/2014\/05\/mesa-justicia-300x161.jpg\" width=\"300\" height=\"161\" srcset=\"https:\/\/www.ecuadoraldia.com.ec\/wp-content\/uploads\/2014\/05\/mesa-justicia-300x161.jpg 300w, https:\/\/www.ecuadoraldia.com.ec\/wp-content\/uploads\/2014\/05\/mesa-justicia.jpg 670w\" sizes=\"(max-width: 300px) 100vw, 300px\" \/><\/a>El Consejo de la Judicatura (CJ), la Fiscal\u00eda General del Estado y los ministerios del Interior y de Justicia, explicaron que con la implementaci\u00f3n del parte electr\u00f3nico se busca mejorar la recepci\u00f3n y procesamiento de la informaci\u00f3n policial en las unidades de flagrancia.<\/p>\n<p>Esta novedad se dio a conocer hoy durante la Mesa de Justicia que se llev\u00f3 a cabo en Quito.<\/p>\n<p>Gustavo Jalkh, presidente del CJ, coment\u00f3 que la nueva modalidad se aplica desde hace 15 d\u00edas, en la Unidad de Flagrancias de la Fiscal\u00eda. Explic\u00f3 que un parte tradicional se demora entre seis y ocho horas, mientras que el parte digital puede tardar hasta 45 minutos en el ingreso de informaci\u00f3n.<\/p>\n<p>El fiscal general de la Naci\u00f3n, Galo Chiriboga, a\u00f1adi\u00f3 que la nueva modalidad permitir\u00e1 realizar m\u00e1s diligencias porque se procesar\u00e1 m\u00e1s informaci\u00f3n \u00fatil para las audiencias.<\/p>\n<p>Chiriboga a\u00f1adi\u00f3 que este sistema permitir\u00e1 tambi\u00e9n mejorar el juzgamiento de delitos como la violencia intrafamiliar, ya que se evitar\u00e1 que los agentes encargados de levantar los informes ingresen datos falsos. Con esto, los uniformados se limitar\u00e1n a narrar los hechos.<\/p>\n<p>Las autoridades indicaron que con estas novedades tecnol\u00f3gicas se reducir\u00e1 el n\u00famero de presos sin sentencia en el Ecuador. De hecho, Jalkh asegur\u00f3 que las implementaciones en sistema judicial arrojaron sus primeros resultados. \u00abEl a\u00f1o anterior se llegaba a un 40% de casos con sentencia, este a\u00f1o hay un 50% de casos con sentencia\u00bb, dijo.<\/p>\n","protected":false},"excerpt":{"rendered":"<p>El Consejo de la Judicatura (CJ), la Fiscal\u00eda General del Estado y los ministerios del Interior y de Justicia, explicaron<\/p>\n","protected":false},"author":1,"featured_media":0,"comment_status":"open","ping_status":"open","sticky":false,"template":"","format":"standard","meta":{"footnotes":""},"categories":[5],"tags":[],"_links":{"self":[{"href":"https:\/\/www.ecuadoraldia.com.ec\/index.php?rest_route=\/wp\/v2\/posts\/2218"}],"collection":[{"href":"https:\/\/www.ecuadoraldia.com.ec\/index.php?rest_route=\/wp\/v2\/posts"}],"about":[{"href":"https:\/\/www.ecuadoraldia.com.ec\/index.php?rest_route=\/wp\/v2\/types\/post"}],"author":[{"embeddable":true,"href":"https:\/\/www.ecuadoraldia.com.ec\/index.php?rest_route=\/wp\/v2\/users\/1"}],"replies":[{"embeddable":true,"href":"https:\/\/www.ecuadoraldia.com.ec\/index.php?rest_route=%2Fwp%2Fv2%2Fcomments&post=2218"}],"version-history":[{"count":1,"href":"https:\/\/www.ecuadoraldia.com.ec\/index.php?rest_route=\/wp\/v2\/posts\/2218\/revisions"}],"predecessor-version":[{"id":2220,"href":"https:\/\/www.ecuadoraldia.com.ec\/index.php?rest_route=\/wp\/v2\/posts\/2218\/revisions\/2220"}],"wp:attachment":[{"href":"https:\/\/www.ecuadoraldia.com.ec\/index.php?rest_route=%2Fwp%2Fv2%2Fmedia&parent=2218"}],"wp:term":[{"taxonomy":"category","embeddable":true,"href":"https:\/\/www.ecuadoraldia.com.ec\/index.php?rest_route=%2Fwp%2Fv2%2Fcategories&post=2218"},{"taxonomy":"post_tag","embeddable":true,"href":"https:\/\/www.ecuadoraldia.com.ec\/index.php?rest_route=%2Fwp%2Fv2%2Ftags&post=2218"}],"curies":[{"name":"wp","href":"https:\/\/api.w.org\/{rel}","templated":true}]}}