{"id":2227,"date":"2014-05-08T14:14:49","date_gmt":"2014-05-08T14:14:49","guid":{"rendered":"http:\/\/www.ecuadoraldia.com.ec\/?p=2227"},"modified":"2014-05-08T14:14:49","modified_gmt":"2014-05-08T14:14:49","slug":"presidente-correa-dictara-conferencia-magistral-en-la-cepal","status":"publish","type":"post","link":"https:\/\/www.ecuadoraldia.com.ec\/?p=2227","title":{"rendered":"Presidente Correa dictar\u00e1 conferencia magistral en la Cepal"},"content":{"rendered":"<p><a href=\"http:\/\/www.ecuadoraldia.com.ec\/wp-content\/uploads\/2014\/05\/conferencia_.jpg\"><img loading=\"lazy\" decoding=\"async\" class=\"alignleft size-medium wp-image-2228\" alt=\"conferencia_\" src=\"http:\/\/www.ecuadoraldia.com.ec\/wp-content\/uploads\/2014\/05\/conferencia_-300x188.jpg\" width=\"300\" height=\"188\" srcset=\"https:\/\/www.ecuadoraldia.com.ec\/wp-content\/uploads\/2014\/05\/conferencia_-300x188.jpg 300w, https:\/\/www.ecuadoraldia.com.ec\/wp-content\/uploads\/2014\/05\/conferencia_.jpg 450w\" sizes=\"(max-width: 300px) 100vw, 300px\" \/><\/a>La Comisi\u00f3n Econ\u00f3mica para Am\u00e9rica Latina y el Caribe (Cepal) inform\u00f3 que el presidente de Ecuador, Rafael Correa, ofrecer\u00e1 una conferencia magistral en su sede, en Santiago de Chile, el pr\u00f3ximo mi\u00e9rcoles 14 de mayo, en el marco de una visita oficial que realizar\u00e1 a ese pa\u00eds.<\/p>\n<p>El Primer Mandatario, quien es economista de profesi\u00f3n, ser\u00e1 recibido por el Embajador de Ecuador en Chile, Francisco Borja, y la Secretaria Ejecutiva de la Cepal, Alicia B\u00e1rcena.<\/p>\n<p>A la conferencia, prevista para las 16:30 (hora local), asistir\u00e1n autoridades, miembros del cuerpo diplom\u00e1tico acreditado en dicho pa\u00eds, funcionarios de organismos internacionales, acad\u00e9micos y representantes de organizaciones de la sociedad civil.<\/p>\n<p>La Cepal es una de las cinco comisiones regionales de las Naciones Unidas.<\/p>\n","protected":false},"excerpt":{"rendered":"<p>La Comisi\u00f3n Econ\u00f3mica para Am\u00e9rica Latina y el Caribe (Cepal) inform\u00f3 que el presidente de Ecuador, Rafael Correa, ofrecer\u00e1 una<\/p>\n","protected":false},"author":1,"featured_media":0,"comment_status":"open","ping_status":"open","sticky":false,"template":"","format":"standard","meta":{"footnotes":""},"categories":[1],"tags":[],"_links":{"self":[{"href":"https:\/\/www.ecuadoraldia.com.ec\/index.php?rest_route=\/wp\/v2\/posts\/2227"}],"collection":[{"href":"https:\/\/www.ecuadoraldia.com.ec\/index.php?rest_route=\/wp\/v2\/posts"}],"about":[{"href":"https:\/\/www.ecuadoraldia.com.ec\/index.php?rest_route=\/wp\/v2\/types\/post"}],"author":[{"embeddable":true,"href":"https:\/\/www.ecuadoraldia.com.ec\/index.php?rest_route=\/wp\/v2\/users\/1"}],"replies":[{"embeddable":true,"href":"https:\/\/www.ecuadoraldia.com.ec\/index.php?rest_route=%2Fwp%2Fv2%2Fcomments&post=2227"}],"version-history":[{"count":1,"href":"https:\/\/www.ecuadoraldia.com.ec\/index.php?rest_route=\/wp\/v2\/posts\/2227\/revisions"}],"predecessor-version":[{"id":2229,"href":"https:\/\/www.ecuadoraldia.com.ec\/index.php?rest_route=\/wp\/v2\/posts\/2227\/revisions\/2229"}],"wp:attachment":[{"href":"https:\/\/www.ecuadoraldia.com.ec\/index.php?rest_route=%2Fwp%2Fv2%2Fmedia&parent=2227"}],"wp:term":[{"taxonomy":"category","embeddable":true,"href":"https:\/\/www.ecuadoraldia.com.ec\/index.php?rest_route=%2Fwp%2Fv2%2Fcategories&post=2227"},{"taxonomy":"post_tag","embeddable":true,"href":"https:\/\/www.ecuadoraldia.com.ec\/index.php?rest_route=%2Fwp%2Fv2%2Ftags&post=2227"}],"curies":[{"name":"wp","href":"https:\/\/api.w.org\/{rel}","templated":true}]}}