{"id":2230,"date":"2014-05-09T00:45:13","date_gmt":"2014-05-09T00:45:13","guid":{"rendered":"http:\/\/www.ecuadoraldia.com.ec\/?p=2230"},"modified":"2014-05-09T00:51:30","modified_gmt":"2014-05-09T00:51:30","slug":"costa-ricabya-tiene-nuevo-presidente","status":"publish","type":"post","link":"https:\/\/www.ecuadoraldia.com.ec\/?p=2230","title":{"rendered":"Costa Rica ya tiene nuevo Presidente"},"content":{"rendered":"<p><strong><a href=\"http:\/\/www.ecuadoraldia.com.ec\/wp-content\/uploads\/2014\/05\/guillo.jpg\"><img loading=\"lazy\" decoding=\"async\" class=\"alignleft size-medium wp-image-2231\" alt=\"guillo\" src=\"http:\/\/www.ecuadoraldia.com.ec\/wp-content\/uploads\/2014\/05\/guillo-300x236.jpg\" width=\"300\" height=\"236\" srcset=\"https:\/\/www.ecuadoraldia.com.ec\/wp-content\/uploads\/2014\/05\/guillo-300x236.jpg 300w, https:\/\/www.ecuadoraldia.com.ec\/wp-content\/uploads\/2014\/05\/guillo.jpg 450w\" sizes=\"(max-width: 300px) 100vw, 300px\" \/><\/a><\/strong>Agencia AFP. El historiador Luis Guillermo Sol\u00eds asumi\u00f3 este jueves la presidencia de Costa Rica para gobernar por cuatro a\u00f1os, con el desaf\u00edo de reactivar la econom\u00eda, y combatir la corrupci\u00f3n y la desigualdad social.<\/p>\n<p>Sol\u00eds, de 56 a\u00f1os, recibi\u00f3 la banda presidencial que deja Laura Chinchilla, al ser juramentado por el presidente del Congreso, Henry Mora, en el Estadio Nacional ante miles de costarricenses.<\/p>\n<p>\u00ab\u00bfJura a Dios y promete a la Patria observar y defender la Constituci\u00f3n y las leyes de la Rep\u00fablica y cumplir fielmente los deberes de vuestro destino?\u00bb, pregunt\u00f3 Mora.<\/p>\n<p>\u00abS\u00ed, juro\u00bb, respondi\u00f3 Sol\u00eds, tras lo cual se produjo una fuerte ovaci\u00f3n de los miles de asistentes congregados en el coliseo capitalino para presenciar el acto.<\/p>\n<p>Antes, el presidente del Legislativo jurament\u00f3 a los vicepresidentes Helio Fallas Venegas y Ana Helena Chac\u00f3n.<\/p>\n<p>Hasta hace poco un desconocido para los costarricenses, Sol\u00eds, tambi\u00e9n acad\u00e9mico y polit\u00f3logo, llega al poder con un hist\u00f3rico 78% de respaldo en las urnas, prometiendo enderezar el modelo de desarrollo de este pa\u00eds de 4,5 millones de habitantes, una de las democracias m\u00e1s antiguas y s\u00f3lidas de Am\u00e9rica Latina.<\/p>\n<p>La ceremonia fue presenciada por los mandatarios Juan Orlando Hern\u00e1ndez (Honduras), Rafael Correa (Ecuador), Evo Morales (Bolivia), Danilo Mediana (Rep\u00fablica Dominicana) y Otto P\u00e9rez (Guatemala).<\/p>\n<p>Tambi\u00e9n el Pr\u00edncipe de Asturias Felipe de Borb\u00f3n, el vicepresidente de Venezuela Jorge Arreaza y el presidente electo de El Salvador, Salvador S\u00e1nchez Cer\u00e9n, acompa\u00f1aron a Sol\u00eds en su toma de posesi\u00f3n.<\/p>\n<p>&nbsp;<\/p>\n<p>&nbsp;<\/p>\n<p>&nbsp;<\/p>\n","protected":false},"excerpt":{"rendered":"<p>Agencia AFP. El historiador Luis Guillermo Sol\u00eds asumi\u00f3 este jueves la presidencia de Costa Rica para gobernar por cuatro a\u00f1os,<\/p>\n","protected":false},"author":1,"featured_media":0,"comment_status":"open","ping_status":"open","sticky":false,"template":"","format":"standard","meta":{"footnotes":""},"categories":[7],"tags":[],"_links":{"self":[{"href":"https:\/\/www.ecuadoraldia.com.ec\/index.php?rest_route=\/wp\/v2\/posts\/2230"}],"collection":[{"href":"https:\/\/www.ecuadoraldia.com.ec\/index.php?rest_route=\/wp\/v2\/posts"}],"about":[{"href":"https:\/\/www.ecuadoraldia.com.ec\/index.php?rest_route=\/wp\/v2\/types\/post"}],"author":[{"embeddable":true,"href":"https:\/\/www.ecuadoraldia.com.ec\/index.php?rest_route=\/wp\/v2\/users\/1"}],"replies":[{"embeddable":true,"href":"https:\/\/www.ecuadoraldia.com.ec\/index.php?rest_route=%2Fwp%2Fv2%2Fcomments&post=2230"}],"version-history":[{"count":2,"href":"https:\/\/www.ecuadoraldia.com.ec\/index.php?rest_route=\/wp\/v2\/posts\/2230\/revisions"}],"predecessor-version":[{"id":2239,"href":"https:\/\/www.ecuadoraldia.com.ec\/index.php?rest_route=\/wp\/v2\/posts\/2230\/revisions\/2239"}],"wp:attachment":[{"href":"https:\/\/www.ecuadoraldia.com.ec\/index.php?rest_route=%2Fwp%2Fv2%2Fmedia&parent=2230"}],"wp:term":[{"taxonomy":"category","embeddable":true,"href":"https:\/\/www.ecuadoraldia.com.ec\/index.php?rest_route=%2Fwp%2Fv2%2Fcategories&post=2230"},{"taxonomy":"post_tag","embeddable":true,"href":"https:\/\/www.ecuadoraldia.com.ec\/index.php?rest_route=%2Fwp%2Fv2%2Ftags&post=2230"}],"curies":[{"name":"wp","href":"https:\/\/api.w.org\/{rel}","templated":true}]}}