{"id":2233,"date":"2014-05-09T00:46:29","date_gmt":"2014-05-09T00:46:29","guid":{"rendered":"http:\/\/www.ecuadoraldia.com.ec\/?p=2233"},"modified":"2014-05-09T00:46:29","modified_gmt":"2014-05-09T00:46:29","slug":"las-clases-en-los-distritos-7-y-8-de-guayaquil-se-retomaran-el-lunes","status":"publish","type":"post","link":"https:\/\/www.ecuadoraldia.com.ec\/?p=2233","title":{"rendered":"Las clases en los distritos 7 y 8 de Guayaquil se retomar\u00e1n el lunes"},"content":{"rendered":"<p><a href=\"http:\/\/www.ecuadoraldia.com.ec\/wp-content\/uploads\/2014\/05\/clases-cos.jpg\"><img loading=\"lazy\" decoding=\"async\" class=\"alignleft size-medium wp-image-2234\" alt=\"clases cos\" src=\"http:\/\/www.ecuadoraldia.com.ec\/wp-content\/uploads\/2014\/05\/clases-cos-300x193.jpg\" width=\"300\" height=\"193\" srcset=\"https:\/\/www.ecuadoraldia.com.ec\/wp-content\/uploads\/2014\/05\/clases-cos-300x193.jpg 300w, https:\/\/www.ecuadoraldia.com.ec\/wp-content\/uploads\/2014\/05\/clases-cos.jpg 450w\" sizes=\"(max-width: 300px) 100vw, 300px\" \/><\/a>Las clases en los planteles fiscales de los Distritos Educativos 7 (Los Vergeles) y 8 (Monte Sina\u00ed) que fueron suspendidas debido a las intensas lluvias que se registraron en Guayaquil, se reanudar\u00e1n este 12 de mayo.<\/p>\n<p>Quienes retornar\u00e1n el pr\u00f3ximo lunes son los estudiantes de Bachillerato y de 8\u00ba, 9\u00ba y 10\u00ba de Educaci\u00f3n General B\u00e1sica, pues los estudiantes de 1\u00ba a 7\u00ba de EGB de estos dos distritos ingresar\u00e1n a clases el pr\u00f3ximo 2 de junio, hasta que se concluya la implementaci\u00f3n de las Unidades Educativas Provisionales.<\/p>\n<p>La medida de suspensi\u00f3n temporal de clases a consecuencia del fuerte temporal invernal se aplica de manera opcional para todos aquellos distritos educativos cuyos planteles tambi\u00e9n hayan sido afectados por el temporal, as\u00ed como para los establecimientos particulares de Guayaquil.<\/p>\n<p>Las lluvias est\u00e1n asociadas al calentamiento del Golfo de Guayaquil<\/p>\n<p>Condiciones termodin\u00e1micas locales y una anomal\u00eda relacionada con el calentamiento del agua (m\u00e1s de lo normal), en el Golfo de Guayaquil, provoc\u00f3 el fuerte aguacero con tormenta el\u00e9ctrica que se registr\u00f3 ayer en varias zonas de la provincia del Guayas, inform\u00f3 el Instituto Nacional de Meteorolog\u00eda e Hidrolog\u00eda (Inamhi), que descart\u00f3 que la intensidad de la precipitaci\u00f3n est\u00e9 ligada con un eventual fen\u00f3nemo de El Ni\u00f1o.<\/p>\n<p>Ra\u00fal Mej\u00eda, experto del Inamhi, calific\u00f3 el evento del mi\u00e9rcoles como de \u00abcar\u00e1cter extremo\u00bb, al indicar que se produjo tras varios d\u00edas sin lluvias. Indic\u00f3 que las precipitaciones de mayor intensidad se registraron en la zona de Dur\u00e1n, con 120 mm por metro cuadrado, y en la zona del Aeropuerto, norte de Guayaquil, con 90 mm., lo que \u00abconstituye la lluvia m\u00e1s intensa del 2014\u00bb, apunt\u00f3.<\/p>\n<p>Mej\u00eda record\u00f3 que en mayo del a\u00f1o 2000 se registr\u00f3 una lluvia que sobrepas\u00f3 los 100 mm, pero que la de ayer fue en \u00ablos \u00faltimos 14 a\u00f1os la de mayor intensidad correspondiente a los meses de mayo\u00bb.<\/p>\n<p>\u00abLa causa u origen, b\u00e1sicamente tenemos un calentamiento importante en la zona del Golfo de Guayaquil que se ha venido intensificando en las \u00faltimas semanas, que es la causa principal de este tipo de lluvias que se han registrado en la cuenca baja del Guayas\u00bb, subray\u00f3 el experto.<\/p>\n<p>Tambi\u00e9n explic\u00f3 que dada esta anomal\u00eda, las perspectivas meteorol\u00f3gicas para las pr\u00f3ximas 48 horas es que \u00abexisten probabilidades de precipitaciones de intensidad variable\u00bb. Pese a esto, Mej\u00eda recalc\u00f3 que \u00abno podemos descartar la presencia de un evento fuerte\u00bb.<\/p>\n<p>Adem\u00e1s, el especialista indic\u00f3 que se espera que en la quincena de mayo empiece la transici\u00f3n a la estaci\u00f3n seca.<\/p>\n<p>\u00abEl evento no est\u00e1 asociado al tema de El Ni\u00f1o. Es un tema que corresponde al calentamiento en el Golfo de Guayaquil y por el momento no podemos ligarlo\u00bb, reiter\u00f3.<\/p>\n<p>De su lado, la titular de la Secretar\u00eda de Gesti\u00f3n de Riesgos (SGR), Mar\u00eda del Pilar Cornejo, confirm\u00f3 la muerte de cuatro personas, 15 viviendas colapsadas y 19 afectadas. Agreg\u00f3 que los damnificados est\u00e1n en familias de acogidas.<\/p>\n<p>La funcionaria afirm\u00f3 que el 2 de mayo se entreg\u00f3 un informe al Municipio de Guayaquil, en el que se advert\u00eda sobre los peligros debido a los asentamientos en zonas de riesgo.<\/p>\n<p>Adem\u00e1s, mencion\u00f3 que en la ciudad porte\u00f1a hay dos problemas puntuales que con las lluvias extremas se agravan: \u00abel alcantarillado es obsoleto y el otro en el que la ciudadan\u00eda no colabora\u00bb al botar los desperdicios en las calles.<\/p>\n<p>Rafael Del R\u00edo, subsecretario de Gesti\u00f3n T\u00e9cnica, explic\u00f3 que en la zona de Nueva Prosperina hay una falla geol\u00f3gica que provoca problemas de \u00abarrastres de materiales y obstruye los drenajes de Socio Vivienda\u00bb.<\/p>\n<p>\u00abLa Secretar\u00eda comunic\u00f3 al Municipio de que no se deber\u00eda permitir las viviendas en ese sector\u00bb, manifest\u00f3 el representante de la SGR.<\/p>\n","protected":false},"excerpt":{"rendered":"<p>Las clases en los planteles fiscales de los Distritos Educativos 7 (Los Vergeles) y 8 (Monte Sina\u00ed) que fueron suspendidas<\/p>\n","protected":false},"author":1,"featured_media":0,"comment_status":"open","ping_status":"open","sticky":false,"template":"","format":"standard","meta":{"footnotes":""},"categories":[4],"tags":[],"_links":{"self":[{"href":"https:\/\/www.ecuadoraldia.com.ec\/index.php?rest_route=\/wp\/v2\/posts\/2233"}],"collection":[{"href":"https:\/\/www.ecuadoraldia.com.ec\/index.php?rest_route=\/wp\/v2\/posts"}],"about":[{"href":"https:\/\/www.ecuadoraldia.com.ec\/index.php?rest_route=\/wp\/v2\/types\/post"}],"author":[{"embeddable":true,"href":"https:\/\/www.ecuadoraldia.com.ec\/index.php?rest_route=\/wp\/v2\/users\/1"}],"replies":[{"embeddable":true,"href":"https:\/\/www.ecuadoraldia.com.ec\/index.php?rest_route=%2Fwp%2Fv2%2Fcomments&post=2233"}],"version-history":[{"count":1,"href":"https:\/\/www.ecuadoraldia.com.ec\/index.php?rest_route=\/wp\/v2\/posts\/2233\/revisions"}],"predecessor-version":[{"id":2235,"href":"https:\/\/www.ecuadoraldia.com.ec\/index.php?rest_route=\/wp\/v2\/posts\/2233\/revisions\/2235"}],"wp:attachment":[{"href":"https:\/\/www.ecuadoraldia.com.ec\/index.php?rest_route=%2Fwp%2Fv2%2Fmedia&parent=2233"}],"wp:term":[{"taxonomy":"category","embeddable":true,"href":"https:\/\/www.ecuadoraldia.com.ec\/index.php?rest_route=%2Fwp%2Fv2%2Fcategories&post=2233"},{"taxonomy":"post_tag","embeddable":true,"href":"https:\/\/www.ecuadoraldia.com.ec\/index.php?rest_route=%2Fwp%2Fv2%2Ftags&post=2233"}],"curies":[{"name":"wp","href":"https:\/\/api.w.org\/{rel}","templated":true}]}}