{"id":2236,"date":"2014-05-09T00:49:31","date_gmt":"2014-05-09T00:49:31","guid":{"rendered":"http:\/\/www.ecuadoraldia.com.ec\/?p=2236"},"modified":"2014-05-09T00:49:31","modified_gmt":"2014-05-09T00:49:31","slug":"ecuador-aspira-cerrar-negociacion-de-acuerdo-comercial-con-la-ue-en-junio","status":"publish","type":"post","link":"https:\/\/www.ecuadoraldia.com.ec\/?p=2236","title":{"rendered":"Ecuador aspira cerrar negociaci\u00f3n de acuerdo comercial con la UE en junio"},"content":{"rendered":"<p>Agencias EFE\/AFP. El Gobierno de Ecuador prev\u00e9 cerrar la negociaci\u00f3n para la firma de un acuerdo comercial con la Uni\u00f3n Europea (UE) en junio, en la tercera ronda de conversaciones, se\u00f1al\u00f3 este jueves el ministro de Comercio Exterior, Francisco Rivadeneira.<\/p>\n<p>\u00abLa negociaci\u00f3n podr\u00edamos cerrarla probablemente en el mes de junio\u00bb, dijo el funcionario a la prensa con ocasi\u00f3n del primer encuentro de empresarios de Ecuador y la UE en Quito.<\/p>\n<p>Rivadeneira, tras haber intervenido en la jornada \u00abMercado Europeo, realidad y perspectivas\u00bb, indic\u00f3 a los periodistas que los responsables europeos \u00abvan a ofrecer un paquete adaptado a las necesidades del Ecuador\u00bb, en el que constar\u00e1n diferenciaciones, temporales o permanentes para determinados productos de exportaci\u00f3n.<\/p>\n<p>Entre los asuntos pendientes de concretar figuran aspectos relativos a las indicaciones geogr\u00e1ficas de ciertos productos, propiedad intelectual y compras p\u00fablicas.<\/p>\n<p>Sobre las \u00abl\u00edneas rojas\u00bb a las que el presidente ecuatoriano, Rafael Correa, se ha referido en varias ocasiones como l\u00edmite que el pa\u00eds no puede rebasar en la negociaci\u00f3n, el ministro recalc\u00f3 que \u00absiguen siendo rojas\u00bb, pero precis\u00f3 que \u00ablo que pasa es que ahora est\u00e1n clar\u00edsimas\u00bb.<\/p>\n<p>\u00abSobre la base de esas l\u00edneas rojas que el presidente me ha dado, les puedo asegurar que es factible llegar a un acuerdo\u00bb, remarc\u00f3.<\/p>\n<p>Seg\u00fan Rivadeneira, los negociadores europeos han transmitido el mensaje de que analizar\u00e1n esta posibilidad y \u00abvan a buscar una salida pol\u00edtica para ayudar al Ecuador\u00bb al tomar en consideraci\u00f3n el efecto que esa salida tendr\u00eda en un sector empresarial que \u00abbrinda servicios, a trav\u00e9s de sus exportaciones, a los consumidores de los 28 pa\u00edses de la Uni\u00f3n Europea\u00bb.<\/p>\n<p>Indic\u00f3 que existe la percepci\u00f3n por ambas partes de que es posible alcanzar un acuerdo beneficioso para Europa y, en particular, para Ecuador \u00abpor el trato especial y diferenciado que se merece el pa\u00eds\u00bb.<\/p>\n<p>En ese sentido, el funcionario record\u00f3 que la ecuatoriana es una econom\u00eda dolarizada que compite \u00abcon pa\u00edses que est\u00e1n sistem\u00e1ticamente devaluando su moneda y haciendo de manera artificial competitivos sus productos cuando venden al mercado europeo\u00bb.<\/p>\n<p>El encargado de negocios de la UE para Ecuador, Peter Schwaiger, mostr\u00f3 optimismo. \u00abYa hay un acuerdo para reconocer la econom\u00eda solidaria social, un concepto que no existe en los vecinos\u00bb Colombia y Per\u00fa, con los que el bloque comunitario mantiene Tratados de Libre Comercio (TLC), expres\u00f3.<\/p>\n<p><a href=\"http:\/\/www.ecuadoraldia.com.ec\/wp-content\/uploads\/2014\/05\/Rivadeneira.jpg\"><img loading=\"lazy\" decoding=\"async\" class=\"alignleft size-medium wp-image-2237\" alt=\"-Rivadeneira\" src=\"http:\/\/www.ecuadoraldia.com.ec\/wp-content\/uploads\/2014\/05\/Rivadeneira-300x226.jpg\" width=\"300\" height=\"226\" srcset=\"https:\/\/www.ecuadoraldia.com.ec\/wp-content\/uploads\/2014\/05\/Rivadeneira-300x226.jpg 300w, https:\/\/www.ecuadoraldia.com.ec\/wp-content\/uploads\/2014\/05\/Rivadeneira.jpg 373w\" sizes=\"(max-width: 300px) 100vw, 300px\" \/><\/a>El director del Comit\u00e9 Empresarial Ecuatoriano, Roberto Aspiazu, coincidi\u00f3 en que las negociaciones podr\u00edan culminar en junio.<\/p>\n<p>En funci\u00f3n de los plazos, Ecuador tambi\u00e9n pretende que las preferencias arancelarias que le otorga la UE sean prorrogadas hasta el pr\u00f3ximo a\u00f1o.<\/p>\n<p>El gobierno ecuatoriano gestiona \u00abobtener una extensi\u00f3n del Sistema General de Preferencias Plus durante el per\u00edodo que sea necesario, hasta que el Parlamento Europeo, de manera temporal, ponga a funcionar lo negociado\u00bb en el acuerdo, declar\u00f3 Rivadeneira.<\/p>\n<p>Durante su intervenci\u00f3n en el acto, Rivadeneira destac\u00f3 el buen momento que vive el sector exterior ecuatoriano, cuyas exportaciones (incluidas las petroleras) alcanzaron los 24.958 millones de d\u00f3lares en 2013, mientras que las no petroleras fueron de 10.850 millones.<\/p>\n<p>Las exportaciones crecieron en los principales mercados exteriores, que son la UE, regi\u00f3n con una balanza comercial favorable al pa\u00eds andino y donde aumentaron un 26 % en 2013 respecto a 2012; EE.UU. (con un crecimiento del 24 %) y pa\u00edses andinos (12 %).<\/p>\n","protected":false},"excerpt":{"rendered":"<p>Agencias EFE\/AFP. El Gobierno de Ecuador prev\u00e9 cerrar la negociaci\u00f3n para la firma de un acuerdo comercial con la Uni\u00f3n<\/p>\n","protected":false},"author":1,"featured_media":0,"comment_status":"open","ping_status":"open","sticky":false,"template":"","format":"standard","meta":{"footnotes":""},"categories":[1],"tags":[],"_links":{"self":[{"href":"https:\/\/www.ecuadoraldia.com.ec\/index.php?rest_route=\/wp\/v2\/posts\/2236"}],"collection":[{"href":"https:\/\/www.ecuadoraldia.com.ec\/index.php?rest_route=\/wp\/v2\/posts"}],"about":[{"href":"https:\/\/www.ecuadoraldia.com.ec\/index.php?rest_route=\/wp\/v2\/types\/post"}],"author":[{"embeddable":true,"href":"https:\/\/www.ecuadoraldia.com.ec\/index.php?rest_route=\/wp\/v2\/users\/1"}],"replies":[{"embeddable":true,"href":"https:\/\/www.ecuadoraldia.com.ec\/index.php?rest_route=%2Fwp%2Fv2%2Fcomments&post=2236"}],"version-history":[{"count":1,"href":"https:\/\/www.ecuadoraldia.com.ec\/index.php?rest_route=\/wp\/v2\/posts\/2236\/revisions"}],"predecessor-version":[{"id":2238,"href":"https:\/\/www.ecuadoraldia.com.ec\/index.php?rest_route=\/wp\/v2\/posts\/2236\/revisions\/2238"}],"wp:attachment":[{"href":"https:\/\/www.ecuadoraldia.com.ec\/index.php?rest_route=%2Fwp%2Fv2%2Fmedia&parent=2236"}],"wp:term":[{"taxonomy":"category","embeddable":true,"href":"https:\/\/www.ecuadoraldia.com.ec\/index.php?rest_route=%2Fwp%2Fv2%2Fcategories&post=2236"},{"taxonomy":"post_tag","embeddable":true,"href":"https:\/\/www.ecuadoraldia.com.ec\/index.php?rest_route=%2Fwp%2Fv2%2Ftags&post=2236"}],"curies":[{"name":"wp","href":"https:\/\/api.w.org\/{rel}","templated":true}]}}