{"id":2240,"date":"2014-05-09T14:48:45","date_gmt":"2014-05-09T14:48:45","guid":{"rendered":"http:\/\/www.ecuadoraldia.com.ec\/?p=2240"},"modified":"2014-05-09T14:48:45","modified_gmt":"2014-05-09T14:48:45","slug":"correa-destaco-en-costa-rica-logros-de-la-revolucion-ciudadana-en-ecuador","status":"publish","type":"post","link":"https:\/\/www.ecuadoraldia.com.ec\/?p=2240","title":{"rendered":"Correa destac\u00f3 en Costa Rica logros de la Revoluci\u00f3n Ciudadana en Ecuador"},"content":{"rendered":"<p><a href=\"http:\/\/www.ecuadoraldia.com.ec\/wp-content\/uploads\/2014\/05\/CORREA_CHARLA_COSTARICA.jpg\"><img loading=\"lazy\" decoding=\"async\" class=\"alignleft size-medium wp-image-2241\" alt=\"CORREA_CHARLA_COSTARICA\" src=\"http:\/\/www.ecuadoraldia.com.ec\/wp-content\/uploads\/2014\/05\/CORREA_CHARLA_COSTARICA-297x300.jpg\" width=\"297\" height=\"300\" srcset=\"https:\/\/www.ecuadoraldia.com.ec\/wp-content\/uploads\/2014\/05\/CORREA_CHARLA_COSTARICA-297x300.jpg 297w, https:\/\/www.ecuadoraldia.com.ec\/wp-content\/uploads\/2014\/05\/CORREA_CHARLA_COSTARICA.jpg 298w\" sizes=\"(max-width: 297px) 100vw, 297px\" \/><\/a>Agencia EFE. El presidente de Ecuador, Rafael Correa, promovi\u00f3 el jueves los \u00ablogros de la Revoluci\u00f3n Ciudadana\u00bb, durante una charla en la estatal Universidad de Costa Rica.<\/p>\n<p>El evento se vio brevemente interrumpido por un militante del Nuevo Partido Socialista (NPS), integrado principalmente por estudiantes costarricenses opositores a la \u00abrevoluci\u00f3n\u00bb de Correa, que fue inmediatamente desalojado por la seguridad del mandatario.<\/p>\n<p>\u00abMe siento importante porque antes nunca se invitaba a un presidente ecuatoriano a una exposici\u00f3n en una universidad, y ahora hasta tenemos grupos oponi\u00e9ndose a esta visita\u00bb, manifest\u00f3 el jefe de Estado.<\/p>\n<p>En su disertaci\u00f3n, Correa expuso que el proceso que lidera ha convertido a su pa\u00eds en una \u00abdemocracia estable\u00bb.<\/p>\n<p>\u00abSe ha dado acceso a derechos, oportunidades y condiciones dignas de vida. Este es el llamado &#8216;milagro ecuatoriano&#8217;, aunque en desarrollo no existen milagros. Los impresionantes cambios ocurridos son consecuencia b\u00e1sicamente del cambio en las relaciones de poder\u00bb, asever\u00f3.<\/p>\n<p>Correa, quien particip\u00f3 en la investidura de Luis Guillermo Sol\u00eds como presidente de Costa Rica para el per\u00edodo 2014-2018, destac\u00f3 en su exposici\u00f3n que en \u00abEcuador ya no mandan unas cuantas \u00e9lites, manda el pueblo\u00bb.<\/p>\n<p>Habl\u00f3 de los \u00e9xitos alcanzados gracias a la Revoluci\u00f3n Ciudadana en los \u00faltimo cinco a\u00f1os, como la escalada de posiciones en \u00edndices de desarrollo humano de las Naciones Unidas.<\/p>\n<p>Destac\u00f3 que Ecuador es l\u00edder regional en la reducci\u00f3n de la desigualdad, as\u00ed como los avances en la reducci\u00f3n de la pobreza que ha permitido una mayor igualdad en su pa\u00eds.<\/p>\n<p>El mandatario recalc\u00f3 el aumento de salarios, la eficiencia en la gesti\u00f3n tributaria, el mejoramiento de las telecomunicaciones y un mejor acceso a la educaci\u00f3n.<\/p>\n<p>\u00abLa cifras as\u00ed lo dicen, el destino de los recursos sociales demuestran las relaciones de poder a lo interior de la sociedad. Si antes mandaban los banqueros y la burocracias internacionales, ahora manda el pueblo ecuatoriano\u00bb, dijo Correa.<\/p>\n<p>Entre otros datos expres\u00f3 que Ecuador tiene la mayor cantidad de pobres que asisten a la universidad, y se ha mantenido a la vanguardia en las pol\u00edticas en favor de los personas con discapacidad.<\/p>\n<p>Correa, quien antes de asumir la presidencia fue profesor universitario, expres\u00f3 que regresar hoy a un recinto acad\u00e9mico en Costa Rica le \u00abrenueva el alma\u00bb, y que cuando la pol\u00edtica muestra su \u00abrostro vergonzoso\u00bb es cuando m\u00e1s extra\u00f1a la vida en las aulas.<\/p>\n","protected":false},"excerpt":{"rendered":"<p>Agencia EFE. El presidente de Ecuador, Rafael Correa, promovi\u00f3 el jueves los \u00ablogros de la Revoluci\u00f3n Ciudadana\u00bb, durante una charla<\/p>\n","protected":false},"author":1,"featured_media":0,"comment_status":"open","ping_status":"open","sticky":false,"template":"","format":"standard","meta":{"footnotes":""},"categories":[7],"tags":[],"_links":{"self":[{"href":"https:\/\/www.ecuadoraldia.com.ec\/index.php?rest_route=\/wp\/v2\/posts\/2240"}],"collection":[{"href":"https:\/\/www.ecuadoraldia.com.ec\/index.php?rest_route=\/wp\/v2\/posts"}],"about":[{"href":"https:\/\/www.ecuadoraldia.com.ec\/index.php?rest_route=\/wp\/v2\/types\/post"}],"author":[{"embeddable":true,"href":"https:\/\/www.ecuadoraldia.com.ec\/index.php?rest_route=\/wp\/v2\/users\/1"}],"replies":[{"embeddable":true,"href":"https:\/\/www.ecuadoraldia.com.ec\/index.php?rest_route=%2Fwp%2Fv2%2Fcomments&post=2240"}],"version-history":[{"count":1,"href":"https:\/\/www.ecuadoraldia.com.ec\/index.php?rest_route=\/wp\/v2\/posts\/2240\/revisions"}],"predecessor-version":[{"id":2242,"href":"https:\/\/www.ecuadoraldia.com.ec\/index.php?rest_route=\/wp\/v2\/posts\/2240\/revisions\/2242"}],"wp:attachment":[{"href":"https:\/\/www.ecuadoraldia.com.ec\/index.php?rest_route=%2Fwp%2Fv2%2Fmedia&parent=2240"}],"wp:term":[{"taxonomy":"category","embeddable":true,"href":"https:\/\/www.ecuadoraldia.com.ec\/index.php?rest_route=%2Fwp%2Fv2%2Fcategories&post=2240"},{"taxonomy":"post_tag","embeddable":true,"href":"https:\/\/www.ecuadoraldia.com.ec\/index.php?rest_route=%2Fwp%2Fv2%2Ftags&post=2240"}],"curies":[{"name":"wp","href":"https:\/\/api.w.org\/{rel}","templated":true}]}}