{"id":2243,"date":"2014-05-09T14:56:41","date_gmt":"2014-05-09T14:56:41","guid":{"rendered":"http:\/\/www.ecuadoraldia.com.ec\/?p=2243"},"modified":"2014-05-09T14:56:41","modified_gmt":"2014-05-09T14:56:41","slug":"el-control-del-agua-en-juego","status":"publish","type":"post","link":"https:\/\/www.ecuadoraldia.com.ec\/?p=2243","title":{"rendered":"El control del agua, en juego"},"content":{"rendered":"<figure id=\"attachment_2244\" aria-describedby=\"caption-attachment-2244\" style=\"width: 300px\" class=\"wp-caption alignleft\"><a href=\"http:\/\/www.ecuadoraldia.com.ec\/wp-content\/uploads\/2014\/05\/la-sucia.jpg\"><img loading=\"lazy\" decoding=\"async\" class=\"size-medium wp-image-2244\" alt=\"quebrada la sucia rio San Miguel de los Bancos\" src=\"http:\/\/www.ecuadoraldia.com.ec\/wp-content\/uploads\/2014\/05\/la-sucia-300x225.jpg\" width=\"300\" height=\"225\" srcset=\"https:\/\/www.ecuadoraldia.com.ec\/wp-content\/uploads\/2014\/05\/la-sucia-300x225.jpg 300w, https:\/\/www.ecuadoraldia.com.ec\/wp-content\/uploads\/2014\/05\/la-sucia-1024x768.jpg 1024w\" sizes=\"(max-width: 300px) 100vw, 300px\" \/><\/a><figcaption id=\"caption-attachment-2244\" class=\"wp-caption-text\">quebrada la sucia rio San Miguel de los Bancos<\/figcaption><\/figure>\n<p>Hoy ser\u00e1 la mesa nacional de di\u00e1logo z El informe final de la Ley de Aguas estar\u00eda listo hasta julio. Los ind\u00edgenas est\u00e1n pendientes del documento final<\/p>\n<p>Imprimir Enviar Compartir Ampliar Reducir<br \/>\nEsta vez es el proyecto de la Ley de Aguas, pero el debate es el mismo: la centralizaci\u00f3n del control. Los ind\u00edgenas insisten en que la autoridad que regir\u00e1 el sistema del agua debe ser plurinacional. El Gobierno no cede y en la norma se plantea una autoridad \u00fanica del agua regida por un secretario nacional, nombrado por el Ejecutivo.<\/p>\n<p>Hoy se celebrar\u00e1 la \u00faltima fase de la consulta prelegislativa (ver recuadro inferior). Las organizaciones ind\u00edgenas y sociales presentar\u00e1n sus \u00faltimos aportes a la ley. Desde la Conaie y la Ecuarunari se ha dejado en claro que el Consejo Plurinacional debe ser independiente del Ejecutivo. Tambi\u00e9n exigen la creaci\u00f3n de un Fondo Nacional del Agua.<\/p>\n<p>La primera petici\u00f3n es concedida en parte. El Consejo existir\u00e1, pero estar\u00e1 conformado en un 50 % por representantes estatales y el otro 50 % por representantes de las comunidades y actores sociales. El voto dirimente lo tendr\u00e1 el secretario. Y los delegados sociales ser\u00e1n elegidos v\u00eda concurso.<\/p>\n<p>La queja sobre la centralizaci\u00f3n del control ha sido una constante de los \u00faltimos a\u00f1os. La promulgaci\u00f3n de leyes y la creaci\u00f3n de instancias de vigilancia son los argumentos que esgrime la oposici\u00f3n. En el debate coyuntural se plantean tres aristas de regulaci\u00f3n con los proyectos de leyes de Aguas, Tierras y Gesti\u00f3n del Suelo.<\/p>\n<p>En el periodo legislativo anterior el segundo debate de la Ley de Aguas fue suspendido. La presi\u00f3n del movimiento ind\u00edgena, que hasta se tom\u00f3 el Legislativo, impidi\u00f3 que se tomara votaci\u00f3n. As\u00ed presionaron para que se lleve a cabo una consulta prelegislativa. El proceso se retom\u00f3 con las audiencias provinciales.<\/p>\n<p>La \u00fanica parte del discurso en la que hay acuerdo entre los bandos es en la necesidad de una ley. Pero con las experiencias previas, los ind\u00edgenas no se arriesgar\u00e1n a poner en peligro su manejo comunitario del agua, sus sistemas de riego y sus tradiciones ancestrales.<\/p>\n<p>Mauricio Proa\u00f1o, vicepresidente de la Comisi\u00f3n de Soberan\u00eda Alimentaria, dijo que en las consultas hay m\u00e1s consensos que disensos. Seg\u00fan sus c\u00e1lculos, han logrado acuerdos en un 80 % de los temas.<\/p>\n<p>En cuanto a la regulaci\u00f3n del agua, admiti\u00f3 que es uno de los puntos que, hasta el momento, no tiene soluci\u00f3n. Por ejemplo, en la Costa consideran que el Estado debe estar a cargo y en la Sierra no, dicen que debe haber participaci\u00f3n comunitaria, explic\u00f3 el legislador.<\/p>\n<p>A partir de ma\u00f1ana, la Comisi\u00f3n trabajar\u00e1 en el informe final. Esperan que, hasta principios de julio, la ley est\u00e9 aprobada. Las organizaciones ind\u00edgenas no conf\u00edan en el tr\u00e1mite de una consulta no vinculante. Por eso, advirtieron que estar\u00e1n vigilantes al texto final que se lleve a votaci\u00f3n.<\/p>\n<p>La consulta es para que nos indiquen los art\u00edculos que pueden no respetar los derechos colectivos. Mauricio Proa\u00f1o, vicepresidente de la Comisi\u00f3n<\/p>\n<p>Los puntos clave<\/p>\n<p>Aguas Sagradas: El debate gira en torno a la protecci\u00f3n de las fuentes de agua consideradas sagradas para los pueblos y nacionalidades, para conservar la relaci\u00f3n espiritual con el recurso y las pr\u00e1cticas culturales.<\/p>\n<p>Desprivatizaci\u00f3n: Seg\u00fan el proyecto, la gesti\u00f3n del agua solamente ser\u00e1 p\u00fablica o comunitaria. Habr\u00e1 una reasignaci\u00f3n y distribuci\u00f3n de los caudales de acuerdo a las actividades productivas.<\/p>\n<p>Autoridad del agua: Se refiere a la participaci\u00f3n de las comunidades en el sistema administrativo y su representaci\u00f3n en el Consejo Plurinacional del Agua que, seg\u00fan el proyecto, tendr\u00e1 una mayor\u00eda estatal.<\/p>\n<p>Manejo ancestral: Los ind\u00edgenas piden la creaci\u00f3n de un Fondo Nacional del Agua. Pero el proyecto de ley se limita a establecer el respeto al derecho consuetudinario y la resoluci\u00f3n alternativa de conflictos.<\/p>\n<p>Gesti\u00f3n del agua: El debate se centra en la no intervenci\u00f3n del Estado en los sistemas comunitarios y las pr\u00e1cticas ancestrales para el manejo y administraci\u00f3n del agua que pasa por los territorios de las comunidades.<\/p>\n<p>Expreso-Ecuadoraldia.com.ec<\/p>\n","protected":false},"excerpt":{"rendered":"<p>Hoy ser\u00e1 la mesa nacional de di\u00e1logo z El informe final de la Ley de Aguas estar\u00eda listo hasta julio.<\/p>\n","protected":false},"author":1,"featured_media":0,"comment_status":"open","ping_status":"open","sticky":false,"template":"","format":"standard","meta":{"footnotes":""},"categories":[1],"tags":[],"_links":{"self":[{"href":"https:\/\/www.ecuadoraldia.com.ec\/index.php?rest_route=\/wp\/v2\/posts\/2243"}],"collection":[{"href":"https:\/\/www.ecuadoraldia.com.ec\/index.php?rest_route=\/wp\/v2\/posts"}],"about":[{"href":"https:\/\/www.ecuadoraldia.com.ec\/index.php?rest_route=\/wp\/v2\/types\/post"}],"author":[{"embeddable":true,"href":"https:\/\/www.ecuadoraldia.com.ec\/index.php?rest_route=\/wp\/v2\/users\/1"}],"replies":[{"embeddable":true,"href":"https:\/\/www.ecuadoraldia.com.ec\/index.php?rest_route=%2Fwp%2Fv2%2Fcomments&post=2243"}],"version-history":[{"count":1,"href":"https:\/\/www.ecuadoraldia.com.ec\/index.php?rest_route=\/wp\/v2\/posts\/2243\/revisions"}],"predecessor-version":[{"id":2245,"href":"https:\/\/www.ecuadoraldia.com.ec\/index.php?rest_route=\/wp\/v2\/posts\/2243\/revisions\/2245"}],"wp:attachment":[{"href":"https:\/\/www.ecuadoraldia.com.ec\/index.php?rest_route=%2Fwp%2Fv2%2Fmedia&parent=2243"}],"wp:term":[{"taxonomy":"category","embeddable":true,"href":"https:\/\/www.ecuadoraldia.com.ec\/index.php?rest_route=%2Fwp%2Fv2%2Fcategories&post=2243"},{"taxonomy":"post_tag","embeddable":true,"href":"https:\/\/www.ecuadoraldia.com.ec\/index.php?rest_route=%2Fwp%2Fv2%2Ftags&post=2243"}],"curies":[{"name":"wp","href":"https:\/\/api.w.org\/{rel}","templated":true}]}}