{"id":22433,"date":"2024-01-30T16:56:18","date_gmt":"2024-01-30T21:56:18","guid":{"rendered":"https:\/\/www.ecuadoraldia.com.ec\/?p=22433"},"modified":"2024-01-30T16:56:19","modified_gmt":"2024-01-30T21:56:19","slug":"la-propuesta-del-gobierno-para-aumentar-el-iva-tambalea-en-la-asamblea","status":"publish","type":"post","link":"https:\/\/www.ecuadoraldia.com.ec\/?p=22433","title":{"rendered":"La propuesta del gobierno para aumentar el IVA tambalea en la Asamblea"},"content":{"rendered":"\n<p>Quito DM.30 ene 2024 &nbsp;La propuesta del presidente Daniel Noboa de incrementar el Impuesto al Valor Agregado (IVA) para financiar el conflicto armado interno no tiene, en este momento, los 70 votos que requiere para ser aprobada en la Asamblea. Lo dijo este 30 de enero el presidente del organismo, Henry Kronfle, con base a las reuniones que han mantenido las bancadas pol\u00edticas en las \u00faltimas horas. \u201cNo porque sea mago, sino que ya hemos visto las posiciones y pronunciamientos de las bancadas\u201d, asegur\u00f3.<\/p>\n\n\n\n<p>Pero tampoco quieren que el proyecto se archive o, peor a\u00fan, que entre en vigencia por el ministerio de la ley. Algo tenemos que aprobar, dijo Kronfle en un encuentro con los medios de comunicaci\u00f3n. Incremento del IVA: Oficialismo empieza a pensar en el ministerio de la ley \u00bfCu\u00e1les son los escenarios?<\/p>\n\n\n\n<p>El primero es que el informe para segundo debate se apruebe en la Comisi\u00f3n de Desarrollo Econ\u00f3mico con los mismos cinco votos que el primero y ese sea el que se trate en el pleno. Si ninguna de las propuestas de ese informe tiene apoyo, entonces se abre la puerta para los de minor\u00eda.<\/p>\n\n\n\n<p>\u00abEn buena lid se deber\u00eda tratar de que lo que est\u00e9 en los informes de minor\u00eda se incorpore en el informe de mayor\u00eda y se separe entre votaciones para darle una salida al pa\u00eds: entonces habr\u00e1 votos de unos para el IVA y de otros no; habr\u00e1 unos que apoyen modificar el ISD y otros no; habr\u00e1 unos que apoyen la propuesta del PSC y otros no\u00bb, dijo Kronfle.<\/p>\n\n\n\n<p>&nbsp;La idea entonces es que haya mociones por separado para votar por propuestas y ver cu\u00e1l de ellas tiene apoyo, lo cual es un riesgo y aumenta las posibilidades de que ninguna cuente con los votos y entre por el ministerio de la ley. Corre\u00edstas y socialcristianos van por unificar criterios Por ahora hay dos informes de minor\u00eda.<\/p>\n\n\n\n<p>&nbsp;Uno del corre\u00edsmo que propone incrementar el Impuesto a la Salida de Divisas (ISD), contribuci\u00f3n especial a los bancos y empresas, impuestos para los 500 grandes capitales del pa\u00eds y una contribuci\u00f3n de las personas que cuenten con un patrimonio mayor al mill\u00f3n de d\u00f3lares. Gobierno planea \u00abpriorizar\u00bb pago de sueldos para algunos funcionarios p\u00fablicos El otro informe de minor\u00eda es el del PSC que propone una contribuci\u00f3n especial del 3,25% sobre las utilidades obtenidas por sociedades y empresas, no personas naturales, durante el ejercicio fiscal 2022.<\/p>\n\n\n\n<p>Ambas bancadas est\u00e1n \u00abhaciendo el esfuerzo\u00bb para lograr un solo informe de minor\u00eda consensuado y as\u00ed evitar la dispersi\u00f3n de los votos. Seg\u00fan el asamble\u00edsta de la Revoluci\u00f3n Ciudadana, Leonardo Berrezueta, las diferencias entre las dos propuestas son de forma, en tanto, que comparten una coincidencia de fondo: oponerse al incremento temporal o definitivo del IVA. (Primicias)<\/p>\n","protected":false},"excerpt":{"rendered":"<p>Quito DM.30 ene 2024 &nbsp;La propuesta del presidente Daniel Noboa de incrementar el Impuesto al Valor Agregado (IVA) para financiar<\/p>\n","protected":false},"author":1,"featured_media":22434,"comment_status":"closed","ping_status":"closed","sticky":false,"template":"","format":"standard","meta":{"footnotes":""},"categories":[9,11,3],"tags":[],"_links":{"self":[{"href":"https:\/\/www.ecuadoraldia.com.ec\/index.php?rest_route=\/wp\/v2\/posts\/22433"}],"collection":[{"href":"https:\/\/www.ecuadoraldia.com.ec\/index.php?rest_route=\/wp\/v2\/posts"}],"about":[{"href":"https:\/\/www.ecuadoraldia.com.ec\/index.php?rest_route=\/wp\/v2\/types\/post"}],"author":[{"embeddable":true,"href":"https:\/\/www.ecuadoraldia.com.ec\/index.php?rest_route=\/wp\/v2\/users\/1"}],"replies":[{"embeddable":true,"href":"https:\/\/www.ecuadoraldia.com.ec\/index.php?rest_route=%2Fwp%2Fv2%2Fcomments&post=22433"}],"version-history":[{"count":1,"href":"https:\/\/www.ecuadoraldia.com.ec\/index.php?rest_route=\/wp\/v2\/posts\/22433\/revisions"}],"predecessor-version":[{"id":22435,"href":"https:\/\/www.ecuadoraldia.com.ec\/index.php?rest_route=\/wp\/v2\/posts\/22433\/revisions\/22435"}],"wp:featuredmedia":[{"embeddable":true,"href":"https:\/\/www.ecuadoraldia.com.ec\/index.php?rest_route=\/wp\/v2\/media\/22434"}],"wp:attachment":[{"href":"https:\/\/www.ecuadoraldia.com.ec\/index.php?rest_route=%2Fwp%2Fv2%2Fmedia&parent=22433"}],"wp:term":[{"taxonomy":"category","embeddable":true,"href":"https:\/\/www.ecuadoraldia.com.ec\/index.php?rest_route=%2Fwp%2Fv2%2Fcategories&post=22433"},{"taxonomy":"post_tag","embeddable":true,"href":"https:\/\/www.ecuadoraldia.com.ec\/index.php?rest_route=%2Fwp%2Fv2%2Ftags&post=22433"}],"curies":[{"name":"wp","href":"https:\/\/api.w.org\/{rel}","templated":true}]}}