{"id":22491,"date":"2024-02-07T15:54:53","date_gmt":"2024-02-07T20:54:53","guid":{"rendered":"https:\/\/www.ecuadoraldia.com.ec\/?p=22491"},"modified":"2024-02-07T15:54:53","modified_gmt":"2024-02-07T20:54:53","slug":"comunidades-amazonicas-desconocen-a-yasunidos","status":"publish","type":"post","link":"https:\/\/www.ecuadoraldia.com.ec\/?p=22491","title":{"rendered":"Comunidades amaz\u00f3nicas desconocen a  Yasunidos."},"content":{"rendered":"\n<p>El Coca Francisco de Orellana, mi\u00e9rcoles &nbsp;7 de febrero de 2024. Varias comunidades amaz\u00f3nicas nativas del YASUNI concurrieron hoy a la Corte Provincial, juzgado multicompetente en Orellana, para interponer una acci\u00f3n de protecci\u00f3n&nbsp; frente a las acciones adoptadas por la Corte Constitucional a favor del grupo ecologista Yasunidos, quienes impulsaron un pedido de consulta popular a nivel nacional, para no permitir las actividades petroleras en el bloque 43 de la Reserva natural Ispingo Tambococha Tiputini ITT, en Orellana.<\/p>\n\n\n\n<p>Mar\u00eda Cahuiya de la comunidad de Dicapare, no est\u00e1n de acuerdo con el cierre del bloque 43 por cuanto todas las comunidades se benefician de las actividades petroleras en la zona. Ella sostiene que si se deja de explotar el petr\u00f3leo, pr\u00e1cticamente la econom\u00eda de la regi\u00f3n colapsar\u00e1, ya que el desarrollo productivo se financia con las actividades petroleras.<\/p>\n\n\n\n<p>\u201cLas comunidades por a\u00f1os hemos vivido botadas, porque ni el gobierno ni las ON\u00b4Gs, han llegado a las comunidades. Ahora nosotros nos toca obligados a defender nuestros derechos porque a trav\u00e9s de exigir nuestros derechos podemos conseguir trabajo, por sin actividad petrolera no hay nada. Yo de mi parte a los yasunidos que ellos no tienen nada que ver con el Yasun\u00ed, bloque 43, ellos no son Waoranis, ellos no son de este territorio; ni siquiera conocen el territorio donde est\u00e1 ubicado el bloque 43 ITT, reitera la dirigente, al cuesti\u00f3n que yasunidos solo quieren vivir del dinero, a ellos solo les interesa el dinero, no les importa la nacionalidad Waorani, esa es la preocupaci\u00f3n q tenemos las comunidades\u201d.<\/p>\n\n\n\n<p>Tenemos derecho a tener todo, salud, educaci\u00f3n, como cualquier ciudadano de este pa\u00eds. Yasunido no conoce, a ellos solo se los ve en redes sociales. A nosotros los yasunidos no nos interesa, porque al final nosotros no vivimos de &nbsp;yasunidos, nosotros vivimos de nuestra caza, finalizo.<\/p>\n\n\n\n<p>Dayuma de la comunidad Kawymeno. Dice estar de acuerdo con la actividad petrolera en la zona de operaci\u00f3n del bloque 43. La econom\u00eda en la provincia depende de lo que genera la actividad petrolera, por ende dependen de los servicios que les dan &nbsp;las petroleras, particularmente, salud.<\/p>\n\n\n\n<p>Sobre los Yasunidos, sostiene que este grupo de ecologistas nunca lleg\u00f3 a la provincia &nbsp;y a las comunidades para &nbsp;socializar el tema de la suspensi\u00f3n de las actividades extractivitas, ni mucho menos la consulta popular.<\/p>\n\n\n\n<p>Hasta el cierre de esta nota, no hab\u00edan presentado dicha acci\u00f3n, porque de \u00faltima hora, se anunci\u00f3 que lo har\u00e1n en la ciudad de Quito, en los pr\u00f3ximos d\u00edas. Se desconoce el contenido de fondo de dicha acci\u00f3n, pues, a\u00fan est\u00e1 en an\u00e1lisis.<\/p>\n","protected":false},"excerpt":{"rendered":"<p>El Coca Francisco de Orellana, mi\u00e9rcoles &nbsp;7 de febrero de 2024. Varias comunidades amaz\u00f3nicas nativas del YASUNI concurrieron hoy a<\/p>\n","protected":false},"author":1,"featured_media":22492,"comment_status":"closed","ping_status":"closed","sticky":false,"template":"","format":"standard","meta":{"footnotes":""},"categories":[11,3,4,1],"tags":[],"_links":{"self":[{"href":"https:\/\/www.ecuadoraldia.com.ec\/index.php?rest_route=\/wp\/v2\/posts\/22491"}],"collection":[{"href":"https:\/\/www.ecuadoraldia.com.ec\/index.php?rest_route=\/wp\/v2\/posts"}],"about":[{"href":"https:\/\/www.ecuadoraldia.com.ec\/index.php?rest_route=\/wp\/v2\/types\/post"}],"author":[{"embeddable":true,"href":"https:\/\/www.ecuadoraldia.com.ec\/index.php?rest_route=\/wp\/v2\/users\/1"}],"replies":[{"embeddable":true,"href":"https:\/\/www.ecuadoraldia.com.ec\/index.php?rest_route=%2Fwp%2Fv2%2Fcomments&post=22491"}],"version-history":[{"count":1,"href":"https:\/\/www.ecuadoraldia.com.ec\/index.php?rest_route=\/wp\/v2\/posts\/22491\/revisions"}],"predecessor-version":[{"id":22493,"href":"https:\/\/www.ecuadoraldia.com.ec\/index.php?rest_route=\/wp\/v2\/posts\/22491\/revisions\/22493"}],"wp:featuredmedia":[{"embeddable":true,"href":"https:\/\/www.ecuadoraldia.com.ec\/index.php?rest_route=\/wp\/v2\/media\/22492"}],"wp:attachment":[{"href":"https:\/\/www.ecuadoraldia.com.ec\/index.php?rest_route=%2Fwp%2Fv2%2Fmedia&parent=22491"}],"wp:term":[{"taxonomy":"category","embeddable":true,"href":"https:\/\/www.ecuadoraldia.com.ec\/index.php?rest_route=%2Fwp%2Fv2%2Fcategories&post=22491"},{"taxonomy":"post_tag","embeddable":true,"href":"https:\/\/www.ecuadoraldia.com.ec\/index.php?rest_route=%2Fwp%2Fv2%2Ftags&post=22491"}],"curies":[{"name":"wp","href":"https:\/\/api.w.org\/{rel}","templated":true}]}}