{"id":22498,"date":"2024-02-09T08:37:25","date_gmt":"2024-02-09T13:37:25","guid":{"rendered":"https:\/\/www.ecuadoraldia.com.ec\/?p=22498"},"modified":"2024-02-09T08:37:26","modified_gmt":"2024-02-09T13:37:26","slug":"siempre-julio-hoy-se-cumplen-46-anos-de-su-partida","status":"publish","type":"post","link":"https:\/\/www.ecuadoraldia.com.ec\/?p=22498","title":{"rendered":"Siempre Julio: Hoy se cumplen 46 a\u00f1os de su partida"},"content":{"rendered":"\n<p>Nacido en Guayaquil el 1 de octubre de 1935. Hijo de Juan Pantale\u00f3n Jaramillo Erazo, oriundo de Machachi y de la guayaquile\u00f1a Apolonia Laurido C\u00e1ceres.<\/p>\n\n\n\n<p>Este viernes 9 de febrero de 2024, al cumplirse 46 a\u00f1os de la muerte de Julio Alfredo Jaramillo Laurido, el cantante ecuatoriano m\u00e1s reconocido en todo el mundo, esta volver\u00e1 a ser, seguramente, una de las canciones m\u00e1s ecuchadas de este artista, al que se pelean como suyo pa\u00edses como M\u00e9xico, Venezuela, Colombia, Panam\u00e1 y Uruguay.<\/p>\n\n\n\n<p>En sus inicios bohemios, sol\u00eda frecuentar La Lagartera,2223 una zona donde los m\u00fasicos ofrecen serenatas por un cierto valor acordado con el cliente. Con el tiempo, los m\u00fasicos aceptaron su presencia y dejaron que los acompa\u00f1ara con la guitarra y en ciertas ocasiones le permitieron que cantara.<\/p>\n\n\n\n<p>Cuando Julio cumpli\u00f3 15 a\u00f1os, gan\u00f3 un concurso radial cuyo premio era una presentaci\u00f3n en un centro nocturno, y este hecho fue el inicio de su carrera art\u00edstica. Se le reconoce como destacado int\u00e9rprete del Pasillo, Bolero, Vals, Tango y otros g\u00e9neros como pasacalle, rancheras, porros, vallenatos.<\/p>\n\n\n\n<p>Fue el vals peruano, titulado Fatalidad (m\u00fasica de Laureano Mart\u00ednez Smart y letra de Juan Sixto Prieto), que ya hab\u00eda grabado Olimpo C\u00e1rdenas exitosamente con discos Victoria en Medell\u00edn, el que lo catapult\u00f3 a la fama en marzo de 1956. En vez de usar la guitarra, Rosalino Quintero utiliz\u00f3 el requinto, y le dieron un ritmo entre vals peruano y pasillo ecuatoriano. Desde el primer d\u00eda que sali\u00f3 al mercado fue un \u00e9xito, y en una semana se vendieron 6000 copias y tuvieron que reimprimirlo.<\/p>\n\n\n\n<p>La canci\u00f3n Nuestro Juramento, en la voz de Julio Jaramillo, es casi un himno para todo ecuatoriano. No saberse su letra es casi un sacrilegio, dir\u00edan aquellos que admiran a quien es considerado el mejor cantante de este pa\u00eds de todos los tiempos.<\/p>\n\n\n\n<p>En realidad, el Ruise\u00f1or de Am\u00e9rica, M\u00edster Juramento, JJ, El Sentimental de Am\u00e9rica, La Voz de Oro, apelativos con los que tambi\u00e9n se lo conoc\u00eda internacionalmente, era bien ecuatoriano. Naci\u00f3 en Guayaquil un martes 1 de octubre de 1935. Ten\u00eda 42 a\u00f1os cuando falleci\u00f3, de continuar con vida tendr\u00eda 88 a\u00f1os de edad.<\/p>\n\n\n\n<p>De su vida se ha hablado largamente en reportajes y notas period\u00edsticas cada a\u00f1o, al recordarse el d\u00eda de su natalicio (1 de octubre) o el de su fallecimiento (9 de febrero) se han hecho pel\u00edculas, documentales, ensayos sobre su m\u00fasica y su voz, se presentan exposiciones, en fin, hablar de JJ es cosa de todos los d\u00edas en Ecuador.<\/p>\n\n\n\n<p>Y es que Julio Jaramillo sigue siendo, por largo y ya a 46 a\u00f1os de su partida, el cantante ecuatoriano m\u00e1s reconocido en el mundo. Tal es as\u00ed que incluso el a\u00f1o pasado la BBC lo lleg\u00f3 a calificar en un ampl\u00edsimo reportaje sobre su vidad como el \u201cFrank Sinatra latinoamericano\u00bb. Otros, por su prolijidad musical lo han llegado a comparar tambi\u00e9n con el argentino Carlos Gardel.<\/p>\n\n\n\n<p>\u00abYo sufro lo indecible si tu entristeces \/ No quiero que la duda te haga llorar \/ Hemos jurado amarnos hasta la muerte \/Y si los muertos aman \/ Despu\u00e9s de muertos amarnos m\u00e1s\u00bb.<\/p>\n\n\n\n<p>Y es precisamente el bolero Nuestro Juramento, del autor puertorrique\u00f1o Benito de Jes\u00fas, su canci\u00f3n insigne, la que lo catapult\u00f3 a la fama. Aquella es entonada por j\u00f3venes y adultos con pasi\u00f3n, cuando la escuchan en la voz de Julio. Desde entonces comenz\u00f3 a ser M\u00edster Juramento.<\/p>\n\n\n\n<p>Aunque su primer gran \u00e9xito fue el vals peruano Fatalidad, que ya hab\u00eda grabado con gran \u00e9xito el tambi\u00e9n ecuatoriano Olimpo C\u00e1rdenas, en Medell\u00edn.<\/p>\n\n\n\n<p>Cuenta la historia que cuando le propusieron a JJ que lo cantara como C\u00e1rdenas, \u00e9l respondi\u00f3 de manera tajante y quiz\u00e1 algo presumida: \u00abNo lo voy a hacer como Olimpo, lo har\u00e9 mejor\u201d. Esta grabaci\u00f3n lo catapult\u00f3 a la fama en 1956.<\/p>\n\n\n\n<p>Fallecimiento<\/p>\n\n\n\n<p>Julio Jaramillo ingres\u00f3 a la cl\u00ednica Dom\u00ednguez de Guayaquil debido a c\u00f3licos en la ves\u00edcula, y sin embargo tras complicaciones de la operaci\u00f3n tuvo que ser intervenido por una segunda ocasi\u00f3n.<\/p>\n\n\n\n<p>&nbsp;El 9 de febrero de 1978 falleci\u00f3, seg\u00fan el parte m\u00e9dico, de un paro cardiaco. \u200b Tan pronto se difundi\u00f3 la noticia de su muerte,\u200b cerca de 200 000 personas se congregaron junto a la cl\u00ednica, y aunque en varias ocasiones solicit\u00f3 que no le rindieran homenajes p\u00f3stumos, sus restos fueron velados durante tres d\u00edas en diferentes lugares como las instalaciones de Radio Cristal, el Palacio Municipal y el Coliseo Voltaire Paladines Polo.<\/p>\n","protected":false},"excerpt":{"rendered":"<p>Nacido en Guayaquil el 1 de octubre de 1935. Hijo de Juan Pantale\u00f3n Jaramillo Erazo, oriundo de Machachi y de<\/p>\n","protected":false},"author":1,"featured_media":22499,"comment_status":"closed","ping_status":"closed","sticky":false,"template":"","format":"standard","meta":{"footnotes":""},"categories":[105,20],"tags":[],"_links":{"self":[{"href":"https:\/\/www.ecuadoraldia.com.ec\/index.php?rest_route=\/wp\/v2\/posts\/22498"}],"collection":[{"href":"https:\/\/www.ecuadoraldia.com.ec\/index.php?rest_route=\/wp\/v2\/posts"}],"about":[{"href":"https:\/\/www.ecuadoraldia.com.ec\/index.php?rest_route=\/wp\/v2\/types\/post"}],"author":[{"embeddable":true,"href":"https:\/\/www.ecuadoraldia.com.ec\/index.php?rest_route=\/wp\/v2\/users\/1"}],"replies":[{"embeddable":true,"href":"https:\/\/www.ecuadoraldia.com.ec\/index.php?rest_route=%2Fwp%2Fv2%2Fcomments&post=22498"}],"version-history":[{"count":1,"href":"https:\/\/www.ecuadoraldia.com.ec\/index.php?rest_route=\/wp\/v2\/posts\/22498\/revisions"}],"predecessor-version":[{"id":22500,"href":"https:\/\/www.ecuadoraldia.com.ec\/index.php?rest_route=\/wp\/v2\/posts\/22498\/revisions\/22500"}],"wp:featuredmedia":[{"embeddable":true,"href":"https:\/\/www.ecuadoraldia.com.ec\/index.php?rest_route=\/wp\/v2\/media\/22499"}],"wp:attachment":[{"href":"https:\/\/www.ecuadoraldia.com.ec\/index.php?rest_route=%2Fwp%2Fv2%2Fmedia&parent=22498"}],"wp:term":[{"taxonomy":"category","embeddable":true,"href":"https:\/\/www.ecuadoraldia.com.ec\/index.php?rest_route=%2Fwp%2Fv2%2Fcategories&post=22498"},{"taxonomy":"post_tag","embeddable":true,"href":"https:\/\/www.ecuadoraldia.com.ec\/index.php?rest_route=%2Fwp%2Fv2%2Ftags&post=22498"}],"curies":[{"name":"wp","href":"https:\/\/api.w.org\/{rel}","templated":true}]}}