{"id":2253,"date":"2014-05-09T22:09:30","date_gmt":"2014-05-09T22:09:30","guid":{"rendered":"http:\/\/www.ecuadoraldia.com.ec\/?p=2253"},"modified":"2014-05-09T22:09:30","modified_gmt":"2014-05-09T22:09:30","slug":"abonado-de-telefonia-celular-continuaran-beneficiandose-de-la-portabilidad-numerica","status":"publish","type":"post","link":"https:\/\/www.ecuadoraldia.com.ec\/?p=2253","title":{"rendered":"Abonado de telefon\u00eda celular continuar\u00e1n beneficiandose de la portabilidad num\u00e9rica"},"content":{"rendered":"<p><a href=\"http:\/\/www.ecuadoraldia.com.ec\/wp-content\/uploads\/2014\/05\/mintel.jpg\"><img loading=\"lazy\" decoding=\"async\" class=\"alignleft size-medium wp-image-2254\" alt=\"mintel\" src=\"http:\/\/www.ecuadoraldia.com.ec\/wp-content\/uploads\/2014\/05\/mintel-300x200.jpg\" width=\"300\" height=\"200\" srcset=\"https:\/\/www.ecuadoraldia.com.ec\/wp-content\/uploads\/2014\/05\/mintel-300x200.jpg 300w, https:\/\/www.ecuadoraldia.com.ec\/wp-content\/uploads\/2014\/05\/mintel.jpg 304w\" sizes=\"(max-width: 300px) 100vw, 300px\" \/><\/a>Con el apoyo y coordinaci\u00f3n de la Secretar\u00eda Nacional de elecomunicaciones (SENATEL), entidad relacionada al Ministerio de Telecomunicaciones y de la Sociedad de la Informaci\u00f3n, las operadoras celulares Conecel, Otecel y CNT llegaron a un acuerdo de renovaci\u00f3n con el Consorcio Systor Telconet Electric Supply del Contrato de Prestaci\u00f3n de Servicios para la Administraci\u00f3n del Sistema Central de Portabilidad num\u00e9rica(ASCP).<\/p>\n<p>La renovaci\u00f3n del acuerdo permitir\u00e1 a la ciudadan\u00eda, que est\u00e1 abonada al servicio de telefon\u00eda m\u00f3vil, mantener su n\u00famero cuando cambie de red, servicio u operadora; cumpliendo con el Mandato Constituyente No10 emitido por la Asamblea Nacional Constituyente, el 23 de mayo de 2008 y publicado en el Registro Oficial el 29 de mayo de 2008.<\/p>\n<p>La renovaci\u00f3n del contrato fue fijada para cinco a\u00f1os desde su suscripci\u00f3n, realizada el 11 de abril de 2014, y busca mejorar el servicio de telefon\u00eda m\u00f3vil a la ciudadan\u00eda, que mantiene su libertad de elegir la operadora celular que desee.<\/p>\n<p>Para consolidar el acuerdo, el Comit\u00e9 T\u00e9cnico de Portabilidad (CTP), realizar\u00e1 reuniones peri\u00f3dicas definiendo los par\u00e1metros t\u00e9cnicos para brindar una atenci\u00f3n de calidad a la ciudadan\u00eda.<\/p>\n<p>La primera reuni\u00f3n del CTP, en el nuevo periodo contractual, se realiz\u00f3 este viernes, 9 de mayo. En dicho encuentro, participaron delegados del MINTEL, de SENATEL, del Consejo Nacional de Telecomunicaciones, del Consorcio Systor Telconet Electric Supply y de las operadoras celulares.<\/p>\n<p>Entre otros puntos, se aclar\u00f3 que el traspaso del n\u00famero no tendr\u00e1 ning\u00fan costo para el usuario. Asimismo, se analiz\u00f3 la posibilidad de reducir el tiempo de portabilidad.<\/p>\n<p>El Ministerio de Telecomunicaciones y de la Sociedad de la Informaci\u00f3n, a trav\u00e9s de su entidad relacionada SENATEL, promueve pol\u00edticas para mejorar los servicios y la calidad de las telecomunicaciones, en beneficio de l@s ecuatorian@s.(Mintel)<\/p>\n","protected":false},"excerpt":{"rendered":"<p>Con el apoyo y coordinaci\u00f3n de la Secretar\u00eda Nacional de elecomunicaciones (SENATEL), entidad relacionada al Ministerio de Telecomunicaciones y de<\/p>\n","protected":false},"author":1,"featured_media":0,"comment_status":"open","ping_status":"open","sticky":false,"template":"","format":"standard","meta":{"footnotes":""},"categories":[3],"tags":[],"_links":{"self":[{"href":"https:\/\/www.ecuadoraldia.com.ec\/index.php?rest_route=\/wp\/v2\/posts\/2253"}],"collection":[{"href":"https:\/\/www.ecuadoraldia.com.ec\/index.php?rest_route=\/wp\/v2\/posts"}],"about":[{"href":"https:\/\/www.ecuadoraldia.com.ec\/index.php?rest_route=\/wp\/v2\/types\/post"}],"author":[{"embeddable":true,"href":"https:\/\/www.ecuadoraldia.com.ec\/index.php?rest_route=\/wp\/v2\/users\/1"}],"replies":[{"embeddable":true,"href":"https:\/\/www.ecuadoraldia.com.ec\/index.php?rest_route=%2Fwp%2Fv2%2Fcomments&post=2253"}],"version-history":[{"count":1,"href":"https:\/\/www.ecuadoraldia.com.ec\/index.php?rest_route=\/wp\/v2\/posts\/2253\/revisions"}],"predecessor-version":[{"id":2255,"href":"https:\/\/www.ecuadoraldia.com.ec\/index.php?rest_route=\/wp\/v2\/posts\/2253\/revisions\/2255"}],"wp:attachment":[{"href":"https:\/\/www.ecuadoraldia.com.ec\/index.php?rest_route=%2Fwp%2Fv2%2Fmedia&parent=2253"}],"wp:term":[{"taxonomy":"category","embeddable":true,"href":"https:\/\/www.ecuadoraldia.com.ec\/index.php?rest_route=%2Fwp%2Fv2%2Fcategories&post=2253"},{"taxonomy":"post_tag","embeddable":true,"href":"https:\/\/www.ecuadoraldia.com.ec\/index.php?rest_route=%2Fwp%2Fv2%2Ftags&post=2253"}],"curies":[{"name":"wp","href":"https:\/\/api.w.org\/{rel}","templated":true}]}}