{"id":2259,"date":"2014-05-09T22:22:21","date_gmt":"2014-05-09T22:22:21","guid":{"rendered":"http:\/\/www.ecuadoraldia.com.ec\/?p=2259"},"modified":"2014-05-09T22:25:30","modified_gmt":"2014-05-09T22:25:30","slug":"chambers-y-portillo-condenados-a-un-ano-de-prision-por-falso-testimonio-en-caso-fabricio-correa","status":"publish","type":"post","link":"https:\/\/www.ecuadoraldia.com.ec\/?p=2259","title":{"rendered":"Chambers y Portillo condenados a un a\u00f1o de prisi\u00f3n por falso testimonio en caso Fabricio Correa"},"content":{"rendered":"<figure id=\"attachment_2260\" aria-describedby=\"caption-attachment-2260\" style=\"width: 300px\" class=\"wp-caption alignleft\"><a href=\"http:\/\/www.ecuadoraldia.com.ec\/wp-content\/uploads\/2014\/05\/condena.jpg\"><img loading=\"lazy\" decoding=\"async\" class=\"size-medium wp-image-2260\" alt=\"foto internet\" src=\"http:\/\/www.ecuadoraldia.com.ec\/wp-content\/uploads\/2014\/05\/condena-300x201.jpg\" width=\"300\" height=\"201\" srcset=\"https:\/\/www.ecuadoraldia.com.ec\/wp-content\/uploads\/2014\/05\/condena-300x201.jpg 300w, https:\/\/www.ecuadoraldia.com.ec\/wp-content\/uploads\/2014\/05\/condena.jpg 455w\" sizes=\"(max-width: 300px) 100vw, 300px\" \/><\/a><figcaption id=\"caption-attachment-2260\" class=\"wp-caption-text\">foto internet<\/figcaption><\/figure>\n<p>El Tribunal Octavo de Garant\u00edas Penales de Pichincha conden\u00f3 a un a\u00f1o de prisi\u00f3n a Pablo Chambers. y a Gerardo Portillo dos de los cuatro veedores de los contratos de obras p\u00fablicas que habr\u00eda mantenido Fabricio Correa, hermano del presidente Rafael Correa, con el Estado.<\/p>\n<p>A esta resoluci\u00f3n se lleg\u00f3, luego de que los magistrados acogieron el pedido del fiscal Fabi\u00e1n Almeida, quien imput\u00f3 a Pablo Ch. y a Gerardo P. por presunto delito de falso testimonio y se abstuvo de acusar a Jos\u00e9 Q. y V\u00edctor Hugo H.<\/p>\n<p>El Tribunal se\u00f1al\u00f3 la culpabilidad de los dos exveedores argumentando que ellos habr\u00edan tenido \u00abconciencia y culpabilidad en lo actuado\u00bb. Mientras que para los otros dos se levantaron las medidas cautelares.<\/p>\n<p>En la audiencia de juzgamiento, que se reinstal\u00f3 este viernes, se ley\u00f3 la declaraci\u00f3n escrita y juramentada por parte del Jefe de Estado, quien remiti\u00f3 su testimonio a trav\u00e9s de su abogado Gutenberg Vera.<\/p>\n<p>En su testimonio, Correa declar\u00f3 que \u00abla conclusi\u00f3n de la veedur\u00eda es falsa, de falsedad absoluta\u00bb y que desconoc\u00eda de los contratos de su hermano Fabricio Correa.<\/p>\n<p>El mandatario a\u00f1adi\u00f3 que dicho documento no tiene fundamento y que se trata de un \u00abinforme malicioso\u00bb. Correa declar\u00f3 tambi\u00e9n que los veedores cambiaron la conclusi\u00f3n de acuerdo a la conveniencia pol\u00edtica del momento y record\u00f3 que Pablo Ch. fue funcionario durante el r\u00e9gimen del expresidente Lucio Guti\u00e9rrez. \u00abLa exveedur\u00eda fue utilizada como palestra pol\u00edtica por parte de Pablo Ch.\u00bb, reiter\u00f3 el mandatario a trav\u00e9s del escrito.<\/p>\n<p>La demanda inici\u00f3 luego de que el jefe de la Naci\u00f3n demand\u00f3 a los cuatro individuos por supuesto delito de falso testimonio. Ellos fueron designados para indagar los contratos que su hermano Fabricio Correa suscribi\u00f3 con el Estado para la construcci\u00f3n de varias obras viales por un monto aproximado de $657 millones.<\/p>\n<p>El informe de los veedores se\u00f1al\u00f3 que el Primer Mandatario s\u00ed conoc\u00eda de los convenios. El Mandatario consider\u00f3 esa afirmaci\u00f3n como un perjurio, por ello inici\u00f3 la demanda.<\/p>\n<p>Ramiro Rom\u00e1n, abogado de los procesados, indic\u00f3 que solicitar\u00e1 una ampliaci\u00f3n y aclaraci\u00f3n a la sentencia, luego presentar\u00e1 una apelaci\u00f3n ante la Corte Provincial. \u00abNo tomaron en cuenta la confesi\u00f3n verdadera y espont\u00e1nea. Desde ya tenemos impugnaciones\u00bb, dijo el defensor.<\/p>\n<p>COMISI\u00d3N<\/p>\n<p>Principales<br \/>\nJos\u00e9 Quishpe Imbaquingo<br \/>\nEdmundo Vera Rodr\u00edguez<br \/>\nPablo Chambers Mej\u00eda<br \/>\nByron Maldonado Loj\u00e1n<br \/>\nDiego Jaramillo Cordero<\/p>\n<p>Suplentes<br \/>\nV\u00edctor Hugo Hidalgo<br \/>\nLucy Estupi\u00f1\u00e1n S\u00e1nchez<br \/>\nGerardo Portillo Ter\u00e1n<br \/>\nDiego Cano Molestina<br \/>\nEdna Cruz R\u00edos. (el tel\u00e9grafo Ecuador al dia)<\/p>\n","protected":false},"excerpt":{"rendered":"<p>El Tribunal Octavo de Garant\u00edas Penales de Pichincha conden\u00f3 a un a\u00f1o de prisi\u00f3n a Pablo Chambers. y a Gerardo<\/p>\n","protected":false},"author":1,"featured_media":0,"comment_status":"open","ping_status":"open","sticky":false,"template":"","format":"standard","meta":{"footnotes":""},"categories":[5],"tags":[],"_links":{"self":[{"href":"https:\/\/www.ecuadoraldia.com.ec\/index.php?rest_route=\/wp\/v2\/posts\/2259"}],"collection":[{"href":"https:\/\/www.ecuadoraldia.com.ec\/index.php?rest_route=\/wp\/v2\/posts"}],"about":[{"href":"https:\/\/www.ecuadoraldia.com.ec\/index.php?rest_route=\/wp\/v2\/types\/post"}],"author":[{"embeddable":true,"href":"https:\/\/www.ecuadoraldia.com.ec\/index.php?rest_route=\/wp\/v2\/users\/1"}],"replies":[{"embeddable":true,"href":"https:\/\/www.ecuadoraldia.com.ec\/index.php?rest_route=%2Fwp%2Fv2%2Fcomments&post=2259"}],"version-history":[{"count":2,"href":"https:\/\/www.ecuadoraldia.com.ec\/index.php?rest_route=\/wp\/v2\/posts\/2259\/revisions"}],"predecessor-version":[{"id":2265,"href":"https:\/\/www.ecuadoraldia.com.ec\/index.php?rest_route=\/wp\/v2\/posts\/2259\/revisions\/2265"}],"wp:attachment":[{"href":"https:\/\/www.ecuadoraldia.com.ec\/index.php?rest_route=%2Fwp%2Fv2%2Fmedia&parent=2259"}],"wp:term":[{"taxonomy":"category","embeddable":true,"href":"https:\/\/www.ecuadoraldia.com.ec\/index.php?rest_route=%2Fwp%2Fv2%2Fcategories&post=2259"},{"taxonomy":"post_tag","embeddable":true,"href":"https:\/\/www.ecuadoraldia.com.ec\/index.php?rest_route=%2Fwp%2Fv2%2Ftags&post=2259"}],"curies":[{"name":"wp","href":"https:\/\/api.w.org\/{rel}","templated":true}]}}