{"id":2262,"date":"2014-05-09T22:24:16","date_gmt":"2014-05-09T22:24:16","guid":{"rendered":"http:\/\/www.ecuadoraldia.com.ec\/?p=2262"},"modified":"2014-05-09T22:24:16","modified_gmt":"2014-05-09T22:24:16","slug":"presidente-correa-confirma-que-policia-entrara-nuevamente-a-sarayaku","status":"publish","type":"post","link":"https:\/\/www.ecuadoraldia.com.ec\/?p=2262","title":{"rendered":"Presidente Correa confirma que Polic\u00eda entrar\u00e1 nuevamente a Sarayaku"},"content":{"rendered":"<p><a href=\"http:\/\/www.ecuadoraldia.com.ec\/wp-content\/uploads\/2014\/05\/corr-sa.jpg\"><img loading=\"lazy\" decoding=\"async\" class=\"alignleft size-medium wp-image-2263\" alt=\"corr sa\" src=\"http:\/\/www.ecuadoraldia.com.ec\/wp-content\/uploads\/2014\/05\/corr-sa-300x238.jpg\" width=\"300\" height=\"238\" srcset=\"https:\/\/www.ecuadoraldia.com.ec\/wp-content\/uploads\/2014\/05\/corr-sa-300x238.jpg 300w, https:\/\/www.ecuadoraldia.com.ec\/wp-content\/uploads\/2014\/05\/corr-sa.jpg 600w\" sizes=\"(max-width: 300px) 100vw, 300px\" \/><\/a>El presidente Rafael correa dijo esta ma\u00f1ana que \u00absi no dejan entrar a la Polic\u00eda vamos a declarar estado de Emergencia en Sarayaku\u00bb.<\/p>\n<p>Ser\u00e1 un nuevo intento de ingresar a la comunidad para pedir que entreguen a los pr\u00f3fugos Cl\u00e9ver Jim\u00e9nez, Fernando Villavicencio y Carlos Figueroa, sentenciados a prisi\u00f3n por injurias.<\/p>\n<p>\u00abPor v\u00edctimas (a los ind\u00edgenas) no les da derecho por sobre los que no han sido victimizados\u00bb, manifest\u00f3 el mandatario durante una entrevista en la provincia del Carchi.<\/p>\n<p>\u00abDos familias dominan en Sarayaku y tienen negocios sobre el turismo\u00bb, asegur\u00f3 Correa.<\/p>\n<p>\u00abEn Sarayaku no permitieron que se haga una escuela del milenio porque no estaban de acuerdo con el dise\u00f1o\u00bb, indic\u00f3.<\/p>\n<p>\u00abGran parte de lo que est\u00e1 pasando en Sarayaku es por el dinero que les llega de organismos internacionales\u00bb, asever\u00f3 el presidente.<\/p>\n<p>Jim\u00e9nez, Villavicencio y Figueroa est\u00e1n sentenciados por injurias tras una demanda del jefe de Estado.<\/p>\n<p>Sobre ellos pesa una sentencia a 18 y seis meses de prisi\u00f3n, a pagar una indemnizaci\u00f3n y a disculparse con el mandatario. Tras la emisi\u00f3n de la boleta de detenci\u00f3n, se refugiaron en la Amazon\u00eda. (Expreso)<\/p>\n<p>&nbsp;<\/p>\n","protected":false},"excerpt":{"rendered":"<p>El presidente Rafael correa dijo esta ma\u00f1ana que \u00absi no dejan entrar a la Polic\u00eda vamos a declarar estado de<\/p>\n","protected":false},"author":1,"featured_media":0,"comment_status":"open","ping_status":"open","sticky":false,"template":"","format":"standard","meta":{"footnotes":""},"categories":[1],"tags":[],"_links":{"self":[{"href":"https:\/\/www.ecuadoraldia.com.ec\/index.php?rest_route=\/wp\/v2\/posts\/2262"}],"collection":[{"href":"https:\/\/www.ecuadoraldia.com.ec\/index.php?rest_route=\/wp\/v2\/posts"}],"about":[{"href":"https:\/\/www.ecuadoraldia.com.ec\/index.php?rest_route=\/wp\/v2\/types\/post"}],"author":[{"embeddable":true,"href":"https:\/\/www.ecuadoraldia.com.ec\/index.php?rest_route=\/wp\/v2\/users\/1"}],"replies":[{"embeddable":true,"href":"https:\/\/www.ecuadoraldia.com.ec\/index.php?rest_route=%2Fwp%2Fv2%2Fcomments&post=2262"}],"version-history":[{"count":1,"href":"https:\/\/www.ecuadoraldia.com.ec\/index.php?rest_route=\/wp\/v2\/posts\/2262\/revisions"}],"predecessor-version":[{"id":2264,"href":"https:\/\/www.ecuadoraldia.com.ec\/index.php?rest_route=\/wp\/v2\/posts\/2262\/revisions\/2264"}],"wp:attachment":[{"href":"https:\/\/www.ecuadoraldia.com.ec\/index.php?rest_route=%2Fwp%2Fv2%2Fmedia&parent=2262"}],"wp:term":[{"taxonomy":"category","embeddable":true,"href":"https:\/\/www.ecuadoraldia.com.ec\/index.php?rest_route=%2Fwp%2Fv2%2Fcategories&post=2262"},{"taxonomy":"post_tag","embeddable":true,"href":"https:\/\/www.ecuadoraldia.com.ec\/index.php?rest_route=%2Fwp%2Fv2%2Ftags&post=2262"}],"curies":[{"name":"wp","href":"https:\/\/api.w.org\/{rel}","templated":true}]}}