{"id":22741,"date":"2024-09-22T10:36:34","date_gmt":"2024-09-22T15:36:34","guid":{"rendered":"https:\/\/www.ecuadoraldia.com.ec\/?p=22741"},"modified":"2024-09-22T10:36:35","modified_gmt":"2024-09-22T15:36:35","slug":"noboa-busca-reformar-la-ley-para-dejar-de-financiar-partidos-politicos","status":"publish","type":"post","link":"https:\/\/www.ecuadoraldia.com.ec\/?p=22741","title":{"rendered":"Noboa busca reformar la ley para dejar de \u00a0financiar partidos pol\u00edticos."},"content":{"rendered":"\n<p>En un video de redes sociales el presidente de la Rep\u00fablica, Daniel Noboa anunci\u00f3 que env\u00edo una reforma parcial a la Constituci\u00f3n para evitar que el Estado financie campa\u00f1as pol\u00edticas.<\/p>\n\n\n\n<p>En ese sentido, precis\u00f3 que les pondr\u00e1 \u2018baygon\u2019 a los pol\u00edticos, a quienes compar\u00f3 con mosquitos.<\/p>\n\n\n\n<p>Los partidos y movimientos pol\u00edticos se financiar\u00e1n con los aportes de sus afiliadas, afiliados y simpatizantes, y en la medida en que cumplan con los requisitos que establezca la ley, los partidos pol\u00edticos recibir\u00e1n asignaciones del Estado sujetas a control\u00bb, precis\u00f3 la Presidencia de la Rep\u00fablica.<\/p>\n\n\n\n<p>El Gobierno busca, si se aprueba este cambio en la Carta Magna, los recursos que son ahora destinados a la pol\u00edtica, para ser redirigidos a otras \u00e1reas como salud, educaci\u00f3n o seguridad.<\/p>\n\n\n\n<p>Cabe a\u00f1adir que de aprobarse dicha reforma, \u00e9sta no afecta a las elecciones del 2025.<\/p>\n\n\n\n<p>Mientras hay ni\u00f1os en las calles vendiendo flores en las noches junto a sus padres, el gobierno, entrega gran cantidad de dinero a los partidos pol\u00edticos para una supuesta capacitaci\u00f3n y financiar &nbsp;sus campa\u00f1as en \u00e9pocas de elecciones.<\/p>\n\n\n\n<p>La propuesta requiere de una reforma constitucional y tanto la Corte Constitucional, como el legislativo deber\u00e1n pronunciarse en su momento.<\/p>\n","protected":false},"excerpt":{"rendered":"<p>En un video de redes sociales el presidente de la Rep\u00fablica, Daniel Noboa anunci\u00f3 que env\u00edo una reforma parcial a<\/p>\n","protected":false},"author":1,"featured_media":22742,"comment_status":"closed","ping_status":"closed","sticky":false,"template":"","format":"standard","meta":{"footnotes":""},"categories":[1],"tags":[],"_links":{"self":[{"href":"https:\/\/www.ecuadoraldia.com.ec\/index.php?rest_route=\/wp\/v2\/posts\/22741"}],"collection":[{"href":"https:\/\/www.ecuadoraldia.com.ec\/index.php?rest_route=\/wp\/v2\/posts"}],"about":[{"href":"https:\/\/www.ecuadoraldia.com.ec\/index.php?rest_route=\/wp\/v2\/types\/post"}],"author":[{"embeddable":true,"href":"https:\/\/www.ecuadoraldia.com.ec\/index.php?rest_route=\/wp\/v2\/users\/1"}],"replies":[{"embeddable":true,"href":"https:\/\/www.ecuadoraldia.com.ec\/index.php?rest_route=%2Fwp%2Fv2%2Fcomments&post=22741"}],"version-history":[{"count":1,"href":"https:\/\/www.ecuadoraldia.com.ec\/index.php?rest_route=\/wp\/v2\/posts\/22741\/revisions"}],"predecessor-version":[{"id":22743,"href":"https:\/\/www.ecuadoraldia.com.ec\/index.php?rest_route=\/wp\/v2\/posts\/22741\/revisions\/22743"}],"wp:featuredmedia":[{"embeddable":true,"href":"https:\/\/www.ecuadoraldia.com.ec\/index.php?rest_route=\/wp\/v2\/media\/22742"}],"wp:attachment":[{"href":"https:\/\/www.ecuadoraldia.com.ec\/index.php?rest_route=%2Fwp%2Fv2%2Fmedia&parent=22741"}],"wp:term":[{"taxonomy":"category","embeddable":true,"href":"https:\/\/www.ecuadoraldia.com.ec\/index.php?rest_route=%2Fwp%2Fv2%2Fcategories&post=22741"},{"taxonomy":"post_tag","embeddable":true,"href":"https:\/\/www.ecuadoraldia.com.ec\/index.php?rest_route=%2Fwp%2Fv2%2Ftags&post=22741"}],"curies":[{"name":"wp","href":"https:\/\/api.w.org\/{rel}","templated":true}]}}