{"id":2278,"date":"2014-05-13T12:02:00","date_gmt":"2014-05-13T12:02:00","guid":{"rendered":"http:\/\/www.ecuadoraldia.com.ec\/?p=2278"},"modified":"2014-05-13T12:02:00","modified_gmt":"2014-05-13T12:02:00","slug":"vacio-legal-en-muisne-tras-la-muerte-de-vera","status":"publish","type":"post","link":"https:\/\/www.ecuadoraldia.com.ec\/?p=2278","title":{"rendered":"Vac\u00edo legal en Muisne tras la muerte de Vera"},"content":{"rendered":"<p><a href=\"http:\/\/www.ecuadoraldia.com.ec\/wp-content\/uploads\/2014\/05\/walkerve.jpg\"><img loading=\"lazy\" decoding=\"async\" class=\"alignleft size-medium wp-image-2279\" alt=\"walkerve\" src=\"http:\/\/www.ecuadoraldia.com.ec\/wp-content\/uploads\/2014\/05\/walkerve-300x225.jpg\" width=\"300\" height=\"225\" srcset=\"https:\/\/www.ecuadoraldia.com.ec\/wp-content\/uploads\/2014\/05\/walkerve-300x225.jpg 300w, https:\/\/www.ecuadoraldia.com.ec\/wp-content\/uploads\/2014\/05\/walkerve.jpg 400w\" sizes=\"(max-width: 300px) 100vw, 300px\" \/><\/a>El asesinato de Walker Vera, alcalde electo del cant\u00f3n esmeralde\u00f1o, Muisne, no solo deja perpleja a la ciudadan\u00eda, a su partido (PAIS) sino tambi\u00e9n al Consejo Nacional Electoral (CNE).<\/p>\n<p>La ley es clara: en caso de ausencia absoluta de la m\u00e1xima autoridad municipal, el vicealcalde (nombrado por los concejales en su primera reuni\u00f3n) deber\u00e1 asumir el cargo.<\/p>\n<p>Pero la complicaci\u00f3n tambi\u00e9n es clara: Vera, a quien se le entregaron las credenciales el viernes, deb\u00eda asumir ma\u00f1ana las funciones como alcalde. Su asesinato, entonces, deja a la autoridad electoral y a Muisne en un \u00abvac\u00edo legal\u00bb, tal y como lo calific\u00f3 el vocal del CNE, Juan Pablo Pozo, durante una rueda de prensa.<\/p>\n<p>El organismo prepara desde ayer un informe jur\u00eddico que trate de aclarar las dudas sobre una situaci\u00f3n in\u00e9dita en el pa\u00eds. Pero las posibles cartas legales ya se dejan ver sobre el tablero.<\/p>\n<p>La primera opci\u00f3n es b\u00e1sica, remitir una consulta a la base de las interpretaciones jur\u00eddicas, la Corte Constitucional (aunque, por tratarse de un cargo de elecci\u00f3n popular, tambi\u00e9n podr\u00eda extenderse la consulta a la Procuradur\u00eda).<\/p>\n<p>Sin embargo, los voceros oficialistas no descartan otras v\u00edas como que el concejo municipal se autoconvoque para designar a un vicealcalde que, luego, asumir\u00eda el sill\u00f3n vac\u00edo. All\u00ed los n\u00fameros no conceden espacio a las predicciones: dos puestos son de PAIS, dos de Avanza y uno del MPD.<\/p>\n<p>Y, aunque parezca la opci\u00f3n pol\u00edticamente m\u00e1s complicada, una tercera votaci\u00f3n se incluye en la lista de probables. Tercera. S\u00ed. Muisne fue uno de los cantones que, el pasado 23 de marzo, repiti\u00f3 el sufragio tras registrar altercados.<\/p>\n<p>Fue entonces cuando Walker Vera, en su tercera candidatura, se impuso con poco m\u00e1s de dos mil votos. Ten\u00eda 42 a\u00f1os y pasi\u00f3n por la educaci\u00f3n, pues no solo ten\u00eda en la pared dos t\u00edtulos como administrador de empresas e ingeniero comercial, sino que se encontraba en el \u00faltimo ciclo de la carrera de Derecho.<\/p>\n<p>Seis disparos, a menos de 100 metros de su domicilio, terminaron con la vida de un pol\u00edtico que denunci\u00f3 amenazas de muerte durante su \u00faltima intervenci\u00f3n p\u00fablica, el viernes pasado, cuando concedi\u00f3 una entrevista a una emisora radial local, en la que tambi\u00e9n advirti\u00f3 sobre actos de corrupci\u00f3n al interior del municipio.<\/p>\n<p>El alcalde saliente es Carlos Acevedo, un exmilitante del Partido Roldocista Ecuatoriano (PRE), que particip\u00f3 en la destituci\u00f3n de \u00c1ngel Bernal como burgomaestre de esa ciudad, hace dos a\u00f1os.<\/p>\n<p>En el ambiente pol\u00edtico, m\u00e1s all\u00e1 del luto y despedidas que se han dejado o\u00edr en PAIS, pero tambi\u00e9n en voces opositoras como Lourdes Tib\u00e1n, la atenci\u00f3n se centra en la seguridad.<\/p>\n<p>El Gobierno teme que Esmeraldas se descontrole y, como primera medida, se ha concedido personal de seguridad para todos los alcaldes de una provincia conmocionada por la violencia.(Expreso)<\/p>\n","protected":false},"excerpt":{"rendered":"<p>El asesinato de Walker Vera, alcalde electo del cant\u00f3n esmeralde\u00f1o, Muisne, no solo deja perpleja a la ciudadan\u00eda, a su<\/p>\n","protected":false},"author":1,"featured_media":0,"comment_status":"open","ping_status":"open","sticky":false,"template":"","format":"standard","meta":{"footnotes":""},"categories":[3],"tags":[],"_links":{"self":[{"href":"https:\/\/www.ecuadoraldia.com.ec\/index.php?rest_route=\/wp\/v2\/posts\/2278"}],"collection":[{"href":"https:\/\/www.ecuadoraldia.com.ec\/index.php?rest_route=\/wp\/v2\/posts"}],"about":[{"href":"https:\/\/www.ecuadoraldia.com.ec\/index.php?rest_route=\/wp\/v2\/types\/post"}],"author":[{"embeddable":true,"href":"https:\/\/www.ecuadoraldia.com.ec\/index.php?rest_route=\/wp\/v2\/users\/1"}],"replies":[{"embeddable":true,"href":"https:\/\/www.ecuadoraldia.com.ec\/index.php?rest_route=%2Fwp%2Fv2%2Fcomments&post=2278"}],"version-history":[{"count":1,"href":"https:\/\/www.ecuadoraldia.com.ec\/index.php?rest_route=\/wp\/v2\/posts\/2278\/revisions"}],"predecessor-version":[{"id":2280,"href":"https:\/\/www.ecuadoraldia.com.ec\/index.php?rest_route=\/wp\/v2\/posts\/2278\/revisions\/2280"}],"wp:attachment":[{"href":"https:\/\/www.ecuadoraldia.com.ec\/index.php?rest_route=%2Fwp%2Fv2%2Fmedia&parent=2278"}],"wp:term":[{"taxonomy":"category","embeddable":true,"href":"https:\/\/www.ecuadoraldia.com.ec\/index.php?rest_route=%2Fwp%2Fv2%2Fcategories&post=2278"},{"taxonomy":"post_tag","embeddable":true,"href":"https:\/\/www.ecuadoraldia.com.ec\/index.php?rest_route=%2Fwp%2Fv2%2Ftags&post=2278"}],"curies":[{"name":"wp","href":"https:\/\/api.w.org\/{rel}","templated":true}]}}