{"id":22784,"date":"2024-09-25T17:27:15","date_gmt":"2024-09-25T22:27:15","guid":{"rendered":"https:\/\/www.ecuadoraldia.com.ec\/?p=22784"},"modified":"2024-09-25T17:27:15","modified_gmt":"2024-09-25T22:27:15","slug":"tia-cumple-13-anos-impulsando-la-economia-y-tradiciones-de-cotacachi","status":"publish","type":"post","link":"https:\/\/www.ecuadoraldia.com.ec\/?p=22784","title":{"rendered":"T\u00cdA cumple 13 a\u00f1os impulsando la econom\u00eda y tradiciones de Cotacachi"},"content":{"rendered":"\n<p><strong>Quito, 24 de septiembre de 2024<\/strong> \u2013 Desde agosto de 2011, Almacenes T\u00eda se ha consolidado como un actor clave en el desarrollo econ\u00f3mico de Cotacachi, gracias a la generaci\u00f3n de m\u00e1s de 20 plazas de empleo directas e indirectas; as\u00ed tambi\u00e9n, ha impulsado las tradiciones locales, un ejemplo de ello han sido las festividades de La Jora, un evento tradicional que destaca la chica de la Jora, la identidad y las ra\u00edces de la localidad por sus 163 a\u00f1os de cantonizaci\u00f3n.<\/p>\n\n\n\n<p>Para la empresa ser parte de Cotacachi realmente ha sido un hito, reflej\u00e1ndose en la cercan\u00eda con cada uno de sus consumidores, gracias a la calidad, variedad, econom\u00eda y excelente servicio. Ante este escenario, Almacenes T\u00eda proyecta remodelar y ampliar el local con espacios vers\u00e1tiles, modernos y amplios para mayor comodidad de sus clientes.<\/p>\n\n\n\n<p>Esta decisi\u00f3n responde a varias razones estrat\u00e9gicas que apuntan tanto al crecimiento de la empresa como al beneficio de la comunidad local. \u00abNuestra presencia en Cotacachi va m\u00e1s all\u00e1 de la venta de productos. Estamos comprometidos con el desarrollo de la comunidad y buscamos generar un impacto positivo en la vida de nuestros clientes, incentivando la apropiaci\u00f3n cultural de la zona\u00bb, afirm\u00f3 Fernando Vela, Gerente Regional de T\u00eda<\/p>\n\n\n\n<p>Su visi\u00f3n de triple impacto refuerza su accionar, en esta ocasi\u00f3n en el \u00e1mbito social, donde gracias a una alianza estrat\u00e9gica con la Fundaci\u00f3n Ulises de la Cruz, Almacenes T\u00eda emplea a 20 personas locales, asegurando la dinamizaci\u00f3n econ\u00f3mica del lugar, la calidez y atenci\u00f3n al cliente, as\u00ed como sus tradiciones.<\/p>\n\n\n\n<p>Cotacachi es un destino tur\u00edstico en Ecuador que cautiva por su rica historia, su impresionante naturaleza y su vibrante cultura. Este encantador pueblo, ubicado en la provincia de Imbabura, ofrece una experiencia \u00fanica a los visitantes, combinando la belleza natural de los Andes con la calidez de su gente y la riqueza de su artesan\u00eda donde ofrecen productos de cuero.<\/p>\n\n\n\n<p>Es as\u00ed que, T\u00eda una vez m\u00e1s reafirma su compromiso con Cotacachi y su gente, a trav\u00e9s de inversiones continuas, impulso a sus tradiciones y al turismo local debido a su biodiversidad, parajes tur\u00edsticos y calidez.<\/p>\n","protected":false},"excerpt":{"rendered":"<p>Quito, 24 de septiembre de 2024 \u2013 Desde agosto de 2011, Almacenes T\u00eda se ha consolidado como un actor clave<\/p>\n","protected":false},"author":1,"featured_media":22785,"comment_status":"closed","ping_status":"closed","sticky":false,"template":"","format":"standard","meta":{"footnotes":""},"categories":[9],"tags":[],"_links":{"self":[{"href":"https:\/\/www.ecuadoraldia.com.ec\/index.php?rest_route=\/wp\/v2\/posts\/22784"}],"collection":[{"href":"https:\/\/www.ecuadoraldia.com.ec\/index.php?rest_route=\/wp\/v2\/posts"}],"about":[{"href":"https:\/\/www.ecuadoraldia.com.ec\/index.php?rest_route=\/wp\/v2\/types\/post"}],"author":[{"embeddable":true,"href":"https:\/\/www.ecuadoraldia.com.ec\/index.php?rest_route=\/wp\/v2\/users\/1"}],"replies":[{"embeddable":true,"href":"https:\/\/www.ecuadoraldia.com.ec\/index.php?rest_route=%2Fwp%2Fv2%2Fcomments&post=22784"}],"version-history":[{"count":1,"href":"https:\/\/www.ecuadoraldia.com.ec\/index.php?rest_route=\/wp\/v2\/posts\/22784\/revisions"}],"predecessor-version":[{"id":22786,"href":"https:\/\/www.ecuadoraldia.com.ec\/index.php?rest_route=\/wp\/v2\/posts\/22784\/revisions\/22786"}],"wp:featuredmedia":[{"embeddable":true,"href":"https:\/\/www.ecuadoraldia.com.ec\/index.php?rest_route=\/wp\/v2\/media\/22785"}],"wp:attachment":[{"href":"https:\/\/www.ecuadoraldia.com.ec\/index.php?rest_route=%2Fwp%2Fv2%2Fmedia&parent=22784"}],"wp:term":[{"taxonomy":"category","embeddable":true,"href":"https:\/\/www.ecuadoraldia.com.ec\/index.php?rest_route=%2Fwp%2Fv2%2Fcategories&post=22784"},{"taxonomy":"post_tag","embeddable":true,"href":"https:\/\/www.ecuadoraldia.com.ec\/index.php?rest_route=%2Fwp%2Fv2%2Ftags&post=22784"}],"curies":[{"name":"wp","href":"https:\/\/api.w.org\/{rel}","templated":true}]}}