{"id":22790,"date":"2024-09-26T12:05:29","date_gmt":"2024-09-26T17:05:29","guid":{"rendered":"https:\/\/www.ecuadoraldia.com.ec\/?p=22790"},"modified":"2024-09-26T12:05:32","modified_gmt":"2024-09-26T17:05:32","slug":"maiceros-cerraron-la-carretera-buena-fe-santo-domingo-en-protesta-por-el-anuncio-de-importar-el-producto","status":"publish","type":"post","link":"https:\/\/www.ecuadoraldia.com.ec\/?p=22790","title":{"rendered":"Maiceros cerraron la carretera Buena Fe, Santo Domingo en protesta por el \u00a0anuncio de importar el producto."},"content":{"rendered":"\n<p>Buena Fe, Los R\u00edos, jueves 26 de septiembre de 2024. Cientos de agricultores dedicados a la producci\u00f3n de ma\u00edz, en la provincia de los R\u00edos, cerraron hoy para varias horas la panamericana, en protesta ante la posible importaci\u00f3n de ma\u00edz desde el exterior. La medida afecta la producci\u00f3n que est\u00e1 por cosechar en los pr\u00f3ximos dos meses.<\/p>\n\n\n\n<p>&nbsp;Con tractores y otras maquinarias cerca de 200 productores de ma\u00edz de cinco provincias bloquearon moment\u00e1neamente la v\u00eda Buena Fe \u2013 Santo Domingo.<\/p>\n\n\n\n<p>El cierre caus\u00f3 una larga fila de veh\u00edculos que se extendi\u00f3 por varios kil\u00f3metros. Esta protesta ocurri\u00f3 un d\u00eda despu\u00e9s de que el Ministerio de Agricultura autorizara la importaci\u00f3n de 95 000 toneladas de ma\u00edz desde Argentina y Brasil.<\/p>\n\n\n\n<p>La medida se tom\u00f3 tras una reuni\u00f3n del consejo consultivo del Ma\u00edz, conformado por representantes gubernamentales, agricultores, ganaderos y avicultores, donde se confirm\u00f3 un d\u00e9ficit de 145 000 toneladas del grano.<\/p>\n\n\n\n<p>Seg\u00fan el ministro Danilo Palacios, la importaci\u00f3n corresponde a un cupo previsto para 2025. La cantidad solicitada llegar\u00eda en la \u00faltima semana de noviembre de este a\u00f1o con un precio estimado de USD 14, 70 el quintal.<\/p>\n\n\n\n<p>Los productores nacionales han asegurado que existe &nbsp;suficiente &nbsp;ma\u00edz para abastecer el mercado. Freddy Freire, presidente de la Asociaci\u00f3n de Peque\u00f1os Productores indic\u00f3 que la producci\u00f3n de verano est\u00e1 saliendo al mercado y podr\u00e1n cubrir la demanda hasta diciembre.<\/p>\n\n\n\n<p>A las 10h30 de la ma\u00f1ana de este jueves, los maiceros levantaron la medida y habilitaron nuevamente el paso vehicular.<\/p>\n\n\n\n<p>Los agricultores se quejan de que los gobiernos autoricen la importaci\u00f3n de productos, sin conocer la realidad del mercado. Lo mismo sucedi\u00f3 cuando se dijo que la producci\u00f3n de arroz estaba en peligro por las inundaciones a\u00f1os atr\u00e1s. Lo propio sucedi\u00f3 con el az\u00facar; lo que &nbsp;sucedi\u00f3 fue que se dispararon los precios. Ahora quieren hacer los mismo con el ma\u00edz ,cuando hay suficiente producci\u00f3n.<\/p>\n\n\n\n<p>Lo que sucede es que los acaparadores est\u00e1n comprando y embodegando el producto para venderlo m\u00e1s caro.<\/p>\n\n\n\n<p>Pronaca la empresa que m\u00e1s compra ma\u00edz en Los R\u00edos, aun tiene sobreproducci\u00f3n en acopio, pues, el grano, aun est\u00e1 en los patios almacenado en grandes mangas en los alrededores de los silos.<\/p>\n\n\n\n<p>Sucede que no quieren pagar al agricultor el precio oficial de 16 d\u00f3lares el quintar de ma\u00edz. Resulta m\u00e1s conveniente importar que ayudar el campesino local. Hasta cuando es la pregunta que nos hacemos sobre estas medidas antipueblo.<\/p>\n","protected":false},"excerpt":{"rendered":"<p>Buena Fe, Los R\u00edos, jueves 26 de septiembre de 2024. Cientos de agricultores dedicados a la producci\u00f3n de ma\u00edz, en<\/p>\n","protected":false},"author":1,"featured_media":22791,"comment_status":"closed","ping_status":"closed","sticky":false,"template":"","format":"standard","meta":{"footnotes":""},"categories":[9,11],"tags":[],"_links":{"self":[{"href":"https:\/\/www.ecuadoraldia.com.ec\/index.php?rest_route=\/wp\/v2\/posts\/22790"}],"collection":[{"href":"https:\/\/www.ecuadoraldia.com.ec\/index.php?rest_route=\/wp\/v2\/posts"}],"about":[{"href":"https:\/\/www.ecuadoraldia.com.ec\/index.php?rest_route=\/wp\/v2\/types\/post"}],"author":[{"embeddable":true,"href":"https:\/\/www.ecuadoraldia.com.ec\/index.php?rest_route=\/wp\/v2\/users\/1"}],"replies":[{"embeddable":true,"href":"https:\/\/www.ecuadoraldia.com.ec\/index.php?rest_route=%2Fwp%2Fv2%2Fcomments&post=22790"}],"version-history":[{"count":1,"href":"https:\/\/www.ecuadoraldia.com.ec\/index.php?rest_route=\/wp\/v2\/posts\/22790\/revisions"}],"predecessor-version":[{"id":22792,"href":"https:\/\/www.ecuadoraldia.com.ec\/index.php?rest_route=\/wp\/v2\/posts\/22790\/revisions\/22792"}],"wp:featuredmedia":[{"embeddable":true,"href":"https:\/\/www.ecuadoraldia.com.ec\/index.php?rest_route=\/wp\/v2\/media\/22791"}],"wp:attachment":[{"href":"https:\/\/www.ecuadoraldia.com.ec\/index.php?rest_route=%2Fwp%2Fv2%2Fmedia&parent=22790"}],"wp:term":[{"taxonomy":"category","embeddable":true,"href":"https:\/\/www.ecuadoraldia.com.ec\/index.php?rest_route=%2Fwp%2Fv2%2Fcategories&post=22790"},{"taxonomy":"post_tag","embeddable":true,"href":"https:\/\/www.ecuadoraldia.com.ec\/index.php?rest_route=%2Fwp%2Fv2%2Ftags&post=22790"}],"curies":[{"name":"wp","href":"https:\/\/api.w.org\/{rel}","templated":true}]}}