{"id":22793,"date":"2024-09-26T16:27:35","date_gmt":"2024-09-26T21:27:35","guid":{"rendered":"https:\/\/www.ecuadoraldia.com.ec\/?p=22793"},"modified":"2024-09-26T16:27:37","modified_gmt":"2024-09-26T21:27:37","slug":"noboa-incendios-son-una-desgracia-en-el-pais","status":"publish","type":"post","link":"https:\/\/www.ecuadoraldia.com.ec\/?p=22793","title":{"rendered":"Noboa  incendios son una desgracia \u00a0en el Pa\u00eds"},"content":{"rendered":"\n<p>jueves 26 de septiembre de 2024. Tras la reuni\u00f3n del COE Nacional, el presidente de la Rep\u00fablica, Daniel Noboa indic\u00f3 que lo que se vive en Quito sobre los incendios forestales \u00abes una desgracia que vivimos como pa\u00eds\u00bb. Por ello acot\u00f3 que \u00abno vinimos a la pol\u00edtica por poder sino para poder servir\u00bb.<\/p>\n\n\n\n<p>El encuentro fue a puerta cerrada. Quien di\u00f3 las resoluciones que se tomar\u00e1n fue la ministra de Ambiente, In\u00e9s Manzano. A su juicio, una de las m\u00e1s importantes es la que se encomend\u00f3 a la Secretar\u00eda de Riesgos que deber\u00e1 realizar un informe que analice la factibilidad para una declaratoria de emergencia nacional por las condiciones clim\u00e1ticas que vive Ecuador.<\/p>\n\n\n\n<p>El Ministerio de Ambiente fortalecer\u00e1 las capacidades t\u00e9cnicas de su personal para que ayuden a la reducci\u00f3n de los incendios forestales a escala nacional.<\/p>\n\n\n\n<p>El Ministerio del Ambiente emitir\u00e1 directrices para la reforestaci\u00f3n de las zonas afectadas por los incendios. Pabel Mu\u00f1oz implementar\u00e1 este plan en Quito.<\/p>\n\n\n\n<p>Disponer al Ministerio de Ambiente continuar con la coordinaci\u00f3n de los GAD municipales y provinciales para coadyuvar en la provisi\u00f3n de agua por los incendios forestales.<\/p>\n\n\n\n<p>Para el Ministerio de Salud: Coordinar brigadas en barrios con otras instituciones para atender problemas respiratorios.<\/p>\n\n\n\n<p>El Ministerio del Interior desplegar\u00e1 a polic\u00edas y su equipo aeropolicial para la evacuaci\u00f3n, rescate y apoyo a los agentes de tr\u00e1nsito en caso de que sea necesario bloquear accesos a la zona de trabajo de los bomberos. Asimismo, reforzar el patrullaje en Quito. Activar inteligencia policial para ubicar a pir\u00f3manos.<\/p>\n\n\n\n<p>El grupo de emergencia declar\u00f3 a Quito en alerta m\u00e1xima tras la ola de incendios forestales que se dieron desde la tarde del martes 24 de septiembre del 2024 y dur\u00f3, en cierras zonas, al menos hasta las 11:00 del mi\u00e9rcoles 25 de septiembre.<\/p>\n\n\n\n<p>As\u00ed, el Cuerpo de Bomberos control\u00f3 las llamas en al menos cinco zonas, pero las labores de liquidaci\u00f3n contin\u00faan. De su parte, Pabel Mu\u00f1oz, la ma\u00f1ana de este mi\u00e9rcoles 25 de septiembre de 2024, insisti\u00f3 en el pedido hacia los quite\u00f1os para que se mantengan en casa. El Burgomaestre dijo que se necesita a la ciudad despejada para que las unidades del Cuerpo de Bomberos se desplacen con facilidad.<\/p>\n","protected":false},"excerpt":{"rendered":"<p>jueves 26 de septiembre de 2024. Tras la reuni\u00f3n del COE Nacional, el presidente de la Rep\u00fablica, Daniel Noboa indic\u00f3<\/p>\n","protected":false},"author":1,"featured_media":22576,"comment_status":"closed","ping_status":"closed","sticky":false,"template":"","format":"standard","meta":{"footnotes":""},"categories":[20,1],"tags":[],"_links":{"self":[{"href":"https:\/\/www.ecuadoraldia.com.ec\/index.php?rest_route=\/wp\/v2\/posts\/22793"}],"collection":[{"href":"https:\/\/www.ecuadoraldia.com.ec\/index.php?rest_route=\/wp\/v2\/posts"}],"about":[{"href":"https:\/\/www.ecuadoraldia.com.ec\/index.php?rest_route=\/wp\/v2\/types\/post"}],"author":[{"embeddable":true,"href":"https:\/\/www.ecuadoraldia.com.ec\/index.php?rest_route=\/wp\/v2\/users\/1"}],"replies":[{"embeddable":true,"href":"https:\/\/www.ecuadoraldia.com.ec\/index.php?rest_route=%2Fwp%2Fv2%2Fcomments&post=22793"}],"version-history":[{"count":1,"href":"https:\/\/www.ecuadoraldia.com.ec\/index.php?rest_route=\/wp\/v2\/posts\/22793\/revisions"}],"predecessor-version":[{"id":22794,"href":"https:\/\/www.ecuadoraldia.com.ec\/index.php?rest_route=\/wp\/v2\/posts\/22793\/revisions\/22794"}],"wp:featuredmedia":[{"embeddable":true,"href":"https:\/\/www.ecuadoraldia.com.ec\/index.php?rest_route=\/wp\/v2\/media\/22576"}],"wp:attachment":[{"href":"https:\/\/www.ecuadoraldia.com.ec\/index.php?rest_route=%2Fwp%2Fv2%2Fmedia&parent=22793"}],"wp:term":[{"taxonomy":"category","embeddable":true,"href":"https:\/\/www.ecuadoraldia.com.ec\/index.php?rest_route=%2Fwp%2Fv2%2Fcategories&post=22793"},{"taxonomy":"post_tag","embeddable":true,"href":"https:\/\/www.ecuadoraldia.com.ec\/index.php?rest_route=%2Fwp%2Fv2%2Ftags&post=22793"}],"curies":[{"name":"wp","href":"https:\/\/api.w.org\/{rel}","templated":true}]}}