{"id":22808,"date":"2024-09-27T11:43:56","date_gmt":"2024-09-27T16:43:56","guid":{"rendered":"https:\/\/www.ecuadoraldia.com.ec\/?p=22808"},"modified":"2024-09-27T11:43:57","modified_gmt":"2024-09-27T16:43:57","slug":"el-ministerio-de-energia-actualiza-informacion-sobre-los-cortes-de-luz","status":"publish","type":"post","link":"https:\/\/www.ecuadoraldia.com.ec\/?p=22808","title":{"rendered":"El Ministerio de Energ\u00eda actualiza informaci\u00f3n sobre los cortes de luz ."},"content":{"rendered":"\n<p>El Ministerio de Energ\u00eda informa sobre la situaci\u00f3n el\u00e9ctrica del pa\u00eds. El anuncio se da en medio de la expectativa por la presencia de lluvias en una parte del .<\/p>\n\n\n\n<p>El ministro de Energ\u00eda, Antonio Gon\u00e7alves, dio un informe de la situaci\u00f3n de los embalses de las hidroel\u00e9ctricas y anunci\u00f3 que se ha habilitado un correo electr\u00f3nico para que los ciudadanos puedan reportar cuando los horarios de los cortes de luz no se cumplen.<\/p>\n\n\n\n<p>La situaci\u00f3n es critica, y se espera que mejore conforma se dan las precipitaciones en la zona austral y en la amazonia.<\/p>\n","protected":false},"excerpt":{"rendered":"<p>El Ministerio de Energ\u00eda informa sobre la situaci\u00f3n el\u00e9ctrica del pa\u00eds. El anuncio se da en medio de la expectativa<\/p>\n","protected":false},"author":1,"featured_media":22770,"comment_status":"closed","ping_status":"closed","sticky":false,"template":"","format":"standard","meta":{"footnotes":""},"categories":[9,11],"tags":[],"_links":{"self":[{"href":"https:\/\/www.ecuadoraldia.com.ec\/index.php?rest_route=\/wp\/v2\/posts\/22808"}],"collection":[{"href":"https:\/\/www.ecuadoraldia.com.ec\/index.php?rest_route=\/wp\/v2\/posts"}],"about":[{"href":"https:\/\/www.ecuadoraldia.com.ec\/index.php?rest_route=\/wp\/v2\/types\/post"}],"author":[{"embeddable":true,"href":"https:\/\/www.ecuadoraldia.com.ec\/index.php?rest_route=\/wp\/v2\/users\/1"}],"replies":[{"embeddable":true,"href":"https:\/\/www.ecuadoraldia.com.ec\/index.php?rest_route=%2Fwp%2Fv2%2Fcomments&post=22808"}],"version-history":[{"count":1,"href":"https:\/\/www.ecuadoraldia.com.ec\/index.php?rest_route=\/wp\/v2\/posts\/22808\/revisions"}],"predecessor-version":[{"id":22809,"href":"https:\/\/www.ecuadoraldia.com.ec\/index.php?rest_route=\/wp\/v2\/posts\/22808\/revisions\/22809"}],"wp:featuredmedia":[{"embeddable":true,"href":"https:\/\/www.ecuadoraldia.com.ec\/index.php?rest_route=\/wp\/v2\/media\/22770"}],"wp:attachment":[{"href":"https:\/\/www.ecuadoraldia.com.ec\/index.php?rest_route=%2Fwp%2Fv2%2Fmedia&parent=22808"}],"wp:term":[{"taxonomy":"category","embeddable":true,"href":"https:\/\/www.ecuadoraldia.com.ec\/index.php?rest_route=%2Fwp%2Fv2%2Fcategories&post=22808"},{"taxonomy":"post_tag","embeddable":true,"href":"https:\/\/www.ecuadoraldia.com.ec\/index.php?rest_route=%2Fwp%2Fv2%2Ftags&post=22808"}],"curies":[{"name":"wp","href":"https:\/\/api.w.org\/{rel}","templated":true}]}}