{"id":2281,"date":"2014-05-13T12:02:55","date_gmt":"2014-05-13T12:02:55","guid":{"rendered":"http:\/\/www.ecuadoraldia.com.ec\/?p=2281"},"modified":"2014-05-13T12:02:55","modified_gmt":"2014-05-13T12:02:55","slug":"las-indirectas-fueron-la-tonica-en-la-entrega-de-credenciales-en-quito","status":"publish","type":"post","link":"https:\/\/www.ecuadoraldia.com.ec\/?p=2281","title":{"rendered":"Las indirectas fueron la t\u00f3nica en la entrega de credenciales en Quito"},"content":{"rendered":"<p><a href=\"http:\/\/www.ecuadoraldia.com.ec\/wp-content\/uploads\/2014\/05\/rodas.jpg\"><img loading=\"lazy\" decoding=\"async\" class=\"alignleft size-medium wp-image-2282\" alt=\"CNE ENTREGA CREDENCIALES ALCALDE QUITO\" src=\"http:\/\/www.ecuadoraldia.com.ec\/wp-content\/uploads\/2014\/05\/rodas-300x201.jpg\" width=\"300\" height=\"201\" srcset=\"https:\/\/www.ecuadoraldia.com.ec\/wp-content\/uploads\/2014\/05\/rodas-300x201.jpg 300w, https:\/\/www.ecuadoraldia.com.ec\/wp-content\/uploads\/2014\/05\/rodas.jpg 400w\" sizes=\"(max-width: 300px) 100vw, 300px\" \/><\/a>Aquellos que no fueron reelectos es porque traicionaron al pueblo. La frase fue seguida de un inc\u00f3modo silencio en el Teatro Nacional de la Casa de la Cultura. Las autoridades electas por Alianza PAIS se sorprendieron. Domingo Paredes, titular del Consejo Nacional Electoral pidi\u00f3 disculpas por la sinceridad de su discurso. Hab\u00eda tocado una fibra sensible del oficialismo: la derrota del exalcalde, Augusto Barrera.<\/p>\n<p>La entrega de credenciales en Pichincha tom\u00f3 alrededor de dos horas. Son 672 autoridades que asumir\u00e1n sus cargos ma\u00f1ana. Fuera del discurso de Paredes, el que m\u00e1s aplausos se llev\u00f3 fue el de Mauricio Rodas, alcalde electo de Quito.<\/p>\n<p>Desde su llegada fue recibido con aplausos, abrazos, gritos de apoyo, y un singular \u00abs\u00ed se pudo\u00bb, coreado por gran parte de los asistentes.<\/p>\n<p>Junto con su esposa tom\u00f3 asiento en primera fila, con los dem\u00e1s alcaldes y autoridades invitadas. En la segunda fila, los concejales electos por el oficialismo no compart\u00edan su entusiasmo, mucho menos cuando lo ovacionaban cada vez que se pon\u00eda de pie.<\/p>\n<p>Tanto as\u00ed que durante su turno al podio, Paredes les reclam\u00f3 pero se asegur\u00f3 de escoger uno de cada bando. A Marco Ponce, de la Alianza SUMA-VIVE, le pidi\u00f3, entre risas, que cambie su \u00abcara de guerra\u00bb, y a Jorge Alb\u00e1n, vicealcalde saliente y concejal electo por PAIS, le increp\u00f3 que no es un \u00abpelo de cochino\u00bb ganar una elecci\u00f3n. \u00abSonr\u00edan\u00bb, les dijo.<\/p>\n<p>Rodas estaba c\u00f3modo en su asiento. Los oficialistas no tanto. Pero los discursos lo reflejaron. La primera fue Marcela Costales, viceprefecta por PAIS, habl\u00f3 del apoyo que tiene el prefecto reelecto Gustavo Baroja. Dijo, con gran \u00e9nfasis, que en la capital ha calado el concepto de la revoluci\u00f3n ciudadana y que esa conciencia \u00abya no la cambia nadie\u00bb.<\/p>\n<p>Rodas fue el segundo. Sus palabras fueron tibias. Dese\u00f3 suerte a los nuevos funcionarios y agradeci\u00f3 a sus contendores. Pidi\u00f3 di\u00e1logo y colaboraci\u00f3n para poder trabajar. Por eso les record\u00f3 que Quito, en la votaci\u00f3n, hab\u00eda demostrado que no es de un solo color.<\/p>\n<p>Luisa Maldonado, concejal de PAIS, advirti\u00f3 que la revoluci\u00f3n vino para quedarse. La respuesta fue un fuerte abucheo. Ella no baj\u00f3 el tono y, en medio de los silbidos, enfatiz\u00f3 que tienen mayor\u00eda en el concejo.<\/p>\n<p>Paredes tomaba nota. As\u00ed, cuando cerr\u00f3 los discursos, puso a todos en su lugar. Respondi\u00f3 uno por uno. Se inspir\u00f3 en el breve comentario del representante de las juntas parroquiales, Arturo Sotomayor, que, dejando la pol\u00edtica de lado, reclam\u00f3 atenci\u00f3n para los gobiernos m\u00e1s peque\u00f1os.(Expreso)<\/p>\n","protected":false},"excerpt":{"rendered":"<p>Aquellos que no fueron reelectos es porque traicionaron al pueblo. La frase fue seguida de un inc\u00f3modo silencio en el<\/p>\n","protected":false},"author":1,"featured_media":0,"comment_status":"open","ping_status":"open","sticky":false,"template":"","format":"standard","meta":{"footnotes":""},"categories":[3],"tags":[],"_links":{"self":[{"href":"https:\/\/www.ecuadoraldia.com.ec\/index.php?rest_route=\/wp\/v2\/posts\/2281"}],"collection":[{"href":"https:\/\/www.ecuadoraldia.com.ec\/index.php?rest_route=\/wp\/v2\/posts"}],"about":[{"href":"https:\/\/www.ecuadoraldia.com.ec\/index.php?rest_route=\/wp\/v2\/types\/post"}],"author":[{"embeddable":true,"href":"https:\/\/www.ecuadoraldia.com.ec\/index.php?rest_route=\/wp\/v2\/users\/1"}],"replies":[{"embeddable":true,"href":"https:\/\/www.ecuadoraldia.com.ec\/index.php?rest_route=%2Fwp%2Fv2%2Fcomments&post=2281"}],"version-history":[{"count":1,"href":"https:\/\/www.ecuadoraldia.com.ec\/index.php?rest_route=\/wp\/v2\/posts\/2281\/revisions"}],"predecessor-version":[{"id":2283,"href":"https:\/\/www.ecuadoraldia.com.ec\/index.php?rest_route=\/wp\/v2\/posts\/2281\/revisions\/2283"}],"wp:attachment":[{"href":"https:\/\/www.ecuadoraldia.com.ec\/index.php?rest_route=%2Fwp%2Fv2%2Fmedia&parent=2281"}],"wp:term":[{"taxonomy":"category","embeddable":true,"href":"https:\/\/www.ecuadoraldia.com.ec\/index.php?rest_route=%2Fwp%2Fv2%2Fcategories&post=2281"},{"taxonomy":"post_tag","embeddable":true,"href":"https:\/\/www.ecuadoraldia.com.ec\/index.php?rest_route=%2Fwp%2Fv2%2Ftags&post=2281"}],"curies":[{"name":"wp","href":"https:\/\/api.w.org\/{rel}","templated":true}]}}