{"id":22816,"date":"2024-09-30T14:31:38","date_gmt":"2024-09-30T19:31:38","guid":{"rendered":"https:\/\/www.ecuadoraldia.com.ec\/?p=22816"},"modified":"2024-09-30T14:31:39","modified_gmt":"2024-09-30T19:31:39","slug":"los-apagones-en-ecuador-continuaran-esta-semana-con-ajustes","status":"publish","type":"post","link":"https:\/\/www.ecuadoraldia.com.ec\/?p=22816","title":{"rendered":"Los apagones en Ecuador continuar\u00e1n esta semana con ajustes"},"content":{"rendered":"\n<p>Desde el lunes 30 de septiembre hasta el domingo 6 de octubre, los apagones en Ecuador se mantendr\u00e1n con horarios similares a los de la semana pasada.<\/p>\n\n\n\n<p>El Ministerio de Energ\u00eda inform\u00f3 este domingo de la reducci\u00f3n de las horas de corte de electricidad en todo el pa\u00eds debido al mejoramiento de las condiciones hidrol\u00f3gicas en la zona de la central hidroel\u00e9ctrica Coca Codo Sinclair, la m\u00e1s grande del pa\u00eds, con 1 500 megavatios de potencia.<\/p>\n\n\n\n<p>El anuncio lo realiz\u00f3 a trav\u00e9s de un comunicado en el que no proporcion\u00f3 datos sobre la reducci\u00f3n, y tampoco las diversas empresas el\u00e9ctricas han difundido un nuevo calendario de cortes.<\/p>\n\n\n\n<p>Apagones en Ecuador: confusi\u00f3n por el anuncio de reducci\u00f3n de horas en cortes de luz este domingo<\/p>\n\n\n\n<p>El anuncio de la reducci\u00f3n se da despu\u00e9s de que se registraran lluvias en la Sierra y en la Amazon\u00eda en las \u00faltimas horas.<\/p>\n\n\n\n<p>Por su parte, el presidente Daniel Noboa, anunci\u00f3 en sus redes que ha enviado un proyecto de Ley Econ\u00f3mico Urgente a la Asamblea Nacional que permita que el sector privado genere hasta 100 megavatios de energ\u00eda, de los 10 autorizados actualmente.<\/p>\n\n\n\n<p>El pasado viernes, el ministro de Energ\u00eda, Antonio Gon\u00e7alves, avanz\u00f3 que los apagones programados por racionamientos de electricidad seguir\u00edan la pr\u00f3xima semana, ya que las lluvias ca\u00eddas entre jueves y viernes no eran suficientes para revertir la crisis energ\u00e9tica que atraviesa el pa\u00eds por una grave sequ\u00eda en las zonas de sus principales centrales hidroel\u00e9ctricas.<\/p>\n\n\n\n<p>Por ello, indic\u00f3 que los cortes de electricidad ser\u00edan de hasta diez horas en algunas zonas y en distintos horarios, pero que en promedio rondar\u00e1n a nivel nacional las ocho horas y media cada d\u00eda.<\/p>\n\n\n\n<p>Sin embargo, ante el anuncio de reducci\u00f3n realizado este domingo, se desconoce c\u00f3mo se modificar\u00e1 el cronograma de cortes difundidos el pasado viernes para la pr\u00f3xima semana. (Ecuavisa)<\/p>\n","protected":false},"excerpt":{"rendered":"<p>Desde el lunes 30 de septiembre hasta el domingo 6 de octubre, los apagones en Ecuador se mantendr\u00e1n con horarios<\/p>\n","protected":false},"author":1,"featured_media":22817,"comment_status":"closed","ping_status":"closed","sticky":false,"template":"","format":"standard","meta":{"footnotes":""},"categories":[9,11],"tags":[],"_links":{"self":[{"href":"https:\/\/www.ecuadoraldia.com.ec\/index.php?rest_route=\/wp\/v2\/posts\/22816"}],"collection":[{"href":"https:\/\/www.ecuadoraldia.com.ec\/index.php?rest_route=\/wp\/v2\/posts"}],"about":[{"href":"https:\/\/www.ecuadoraldia.com.ec\/index.php?rest_route=\/wp\/v2\/types\/post"}],"author":[{"embeddable":true,"href":"https:\/\/www.ecuadoraldia.com.ec\/index.php?rest_route=\/wp\/v2\/users\/1"}],"replies":[{"embeddable":true,"href":"https:\/\/www.ecuadoraldia.com.ec\/index.php?rest_route=%2Fwp%2Fv2%2Fcomments&post=22816"}],"version-history":[{"count":1,"href":"https:\/\/www.ecuadoraldia.com.ec\/index.php?rest_route=\/wp\/v2\/posts\/22816\/revisions"}],"predecessor-version":[{"id":22818,"href":"https:\/\/www.ecuadoraldia.com.ec\/index.php?rest_route=\/wp\/v2\/posts\/22816\/revisions\/22818"}],"wp:featuredmedia":[{"embeddable":true,"href":"https:\/\/www.ecuadoraldia.com.ec\/index.php?rest_route=\/wp\/v2\/media\/22817"}],"wp:attachment":[{"href":"https:\/\/www.ecuadoraldia.com.ec\/index.php?rest_route=%2Fwp%2Fv2%2Fmedia&parent=22816"}],"wp:term":[{"taxonomy":"category","embeddable":true,"href":"https:\/\/www.ecuadoraldia.com.ec\/index.php?rest_route=%2Fwp%2Fv2%2Fcategories&post=22816"},{"taxonomy":"post_tag","embeddable":true,"href":"https:\/\/www.ecuadoraldia.com.ec\/index.php?rest_route=%2Fwp%2Fv2%2Ftags&post=22816"}],"curies":[{"name":"wp","href":"https:\/\/api.w.org\/{rel}","templated":true}]}}