{"id":22821,"date":"2024-09-30T14:39:15","date_gmt":"2024-09-30T19:39:15","guid":{"rendered":"https:\/\/www.ecuadoraldia.com.ec\/?p=22821"},"modified":"2024-09-30T14:39:50","modified_gmt":"2024-09-30T19:39:50","slug":"noboa-cambia-la-sede-de-celec-de-cuenca-a-quito-con-oposicion-del-correismo","status":"publish","type":"post","link":"https:\/\/www.ecuadoraldia.com.ec\/?p=22821","title":{"rendered":"Noboa traslada la sede de Celec de Cuenca a Quito"},"content":{"rendered":"\n<p>La sede de la Corporaci\u00f3n El\u00e9ctrica del Ecuador (Celec), estuvo en Cuenca desde febrero del 2010. No obstante, el Ministerio de Energ\u00eda y Minas solicit\u00f3 este traslado para que CELEC funcione desde Quito.<\/p>\n\n\n\n<p>El argumento del Gobierno es que \u00abse acabe la corrupci\u00f3n de CELEC\u00bb a las que el primer mandatario culpa tambi\u00e9n de los apagones wie se est\u00e1n dando a nivel nacional.<\/p>\n\n\n\n<p>Por hoy, la instituci\u00f3n tiene la misi\u00f3n de construir nuevos proyectos a lo largo del pa\u00eds, para ampliar y fortalecer la infraestructura existente.<\/p>\n\n\n\n<p>El alcalde de Cuenca, Cristian Zamora expres\u00f3 su rechazo y dijo \u00abla decisi\u00f3n de trasladar la sede de Celec de Cuenca a Quito merece nuestro rechazo\u00bb.<\/p>\n\n\n\n<p>En la \u00faltima parte de su comunicado, Zamora dej\u00f3 abierta la posibilidad de que la ciudad tome acciones en \u00abdefensa de nuestros intereses leg\u00edtimos\u00bb.<\/p>\n","protected":false},"excerpt":{"rendered":"<p>La sede de la Corporaci\u00f3n El\u00e9ctrica del Ecuador (Celec), estuvo en Cuenca desde febrero del 2010. No obstante, el Ministerio<\/p>\n","protected":false},"author":1,"featured_media":22822,"comment_status":"closed","ping_status":"closed","sticky":false,"template":"","format":"standard","meta":{"footnotes":""},"categories":[9],"tags":[],"_links":{"self":[{"href":"https:\/\/www.ecuadoraldia.com.ec\/index.php?rest_route=\/wp\/v2\/posts\/22821"}],"collection":[{"href":"https:\/\/www.ecuadoraldia.com.ec\/index.php?rest_route=\/wp\/v2\/posts"}],"about":[{"href":"https:\/\/www.ecuadoraldia.com.ec\/index.php?rest_route=\/wp\/v2\/types\/post"}],"author":[{"embeddable":true,"href":"https:\/\/www.ecuadoraldia.com.ec\/index.php?rest_route=\/wp\/v2\/users\/1"}],"replies":[{"embeddable":true,"href":"https:\/\/www.ecuadoraldia.com.ec\/index.php?rest_route=%2Fwp%2Fv2%2Fcomments&post=22821"}],"version-history":[{"count":2,"href":"https:\/\/www.ecuadoraldia.com.ec\/index.php?rest_route=\/wp\/v2\/posts\/22821\/revisions"}],"predecessor-version":[{"id":22824,"href":"https:\/\/www.ecuadoraldia.com.ec\/index.php?rest_route=\/wp\/v2\/posts\/22821\/revisions\/22824"}],"wp:featuredmedia":[{"embeddable":true,"href":"https:\/\/www.ecuadoraldia.com.ec\/index.php?rest_route=\/wp\/v2\/media\/22822"}],"wp:attachment":[{"href":"https:\/\/www.ecuadoraldia.com.ec\/index.php?rest_route=%2Fwp%2Fv2%2Fmedia&parent=22821"}],"wp:term":[{"taxonomy":"category","embeddable":true,"href":"https:\/\/www.ecuadoraldia.com.ec\/index.php?rest_route=%2Fwp%2Fv2%2Fcategories&post=22821"},{"taxonomy":"post_tag","embeddable":true,"href":"https:\/\/www.ecuadoraldia.com.ec\/index.php?rest_route=%2Fwp%2Fv2%2Ftags&post=22821"}],"curies":[{"name":"wp","href":"https:\/\/api.w.org\/{rel}","templated":true}]}}