{"id":2290,"date":"2014-05-13T12:10:23","date_gmt":"2014-05-13T12:10:23","guid":{"rendered":"http:\/\/www.ecuadoraldia.com.ec\/?p=2290"},"modified":"2014-05-13T12:10:23","modified_gmt":"2014-05-13T12:10:23","slug":"usaid-se-ira-del-pais-en-septiembre","status":"publish","type":"post","link":"https:\/\/www.ecuadoraldia.com.ec\/?p=2290","title":{"rendered":"Usaid se ir\u00e1 del pa\u00eds en septiembre"},"content":{"rendered":"<p><a href=\"http:\/\/www.ecuadoraldia.com.ec\/wp-content\/uploads\/2014\/05\/usaid.jpg\"><img loading=\"lazy\" decoding=\"async\" class=\"alignleft size-medium wp-image-2291\" alt=\"usaid\" src=\"http:\/\/www.ecuadoraldia.com.ec\/wp-content\/uploads\/2014\/05\/usaid-300x198.jpg\" width=\"300\" height=\"198\" srcset=\"https:\/\/www.ecuadoraldia.com.ec\/wp-content\/uploads\/2014\/05\/usaid-300x198.jpg 300w, https:\/\/www.ecuadoraldia.com.ec\/wp-content\/uploads\/2014\/05\/usaid.jpg 450w\" sizes=\"(max-width: 300px) 100vw, 300px\" \/><\/a>El pr\u00f3ximo 30 de septiembre saldr\u00e1 del pa\u00eds la Agencia de Estados Unidos para el Desarrollo Internacional (Usaid, por sus siglas en ingl\u00e9s) debido a que Quito y Washington no firmaron un nuevo acuerdo de cooperaci\u00f3n binacional.<br \/>\nAyer se clausur\u00f3 en Guayaquil el programa Costas y Bosques, en el que tambi\u00e9n interven\u00eda el Ministerio del Ambiente y cuyo objetivo era dinamizar la econom\u00eda de varias comunidades del pa\u00eds.<\/p>\n<p>Marcela Agui\u00f1aga, quien estaba al frente del Ministerio del Ambiente cuando arranc\u00f3 el programa y es ahora vicepresidenta de la Asamblea Nacional, estuvo presente en el evento. All\u00ed dijo que busc\u00f3 cooperaci\u00f3n internacional luego de la decisi\u00f3n presidencial de implementar una compensaci\u00f3n por conservar \u00e1rboles y manglares, proyecto conocido como Socio Bosque.<\/p>\n<p>Agui\u00f1aga aclar\u00f3 que el Ejecutivo ha sido muy claro al decir que todos los acuerdos de cooperaci\u00f3n, de cualquier pa\u00eds, deben tener un marco de referencia de apoyo con el Gobierno ecuatoriano, lo que no ha ocurrido con Estados Unidos.<\/p>\n<p>\u201cEs un acuerdo marco que se est\u00e1 aplicando a todos los pa\u00edses y hay algunos con los que ya se aplica. Por ejemplo, Alemania sigue siendo uno de los mayores cooperantes en materia ambiental. Corresponde tambi\u00e9n a Estados Unidos atender las reglas que tiene Ecuador como pa\u00eds soberano\u201d, acot\u00f3.<\/p>\n<p>El embajador de Estados Unidos, Adam Namm, dijo que su pa\u00eds est\u00e1 \u201cmuy orgulloso de haber dejado un legado que vemos reflejado en el trabajo de las instituciones y comunidades que trabajan por el desarrollo y bienestar de los ecuatorianos\u201d.<\/p>\n<p>A nombre de su Gobierno, Namm, ratific\u00f3 la voluntad de continuar trabajando en temas de inter\u00e9s mutuo.<\/p>\n<p>La directora encargada de Usaid, Jeannie Friedmann, explic\u00f3 que hay cerca de tres proyectos que a\u00fan faltan por cerrarse y que concluir\u00e1n hasta septiembre. \u201cEs un proceso largo, est\u00e1bamos en la fase de desarrollar cuatro proyectos nuevos, pero los cerramos por la decisi\u00f3n de salir\u201d, explic\u00f3 la funcionaria.<\/p>\n<p>\u201cEl apoyo de Estados Unidos -a Ecuador- ser\u00e1 diferente porque nosotros somos la entidad federal de cooperaci\u00f3n estadounidense y nos vamos\u201d, advirti\u00f3.<\/p>\n<p>El Gobierno ha criticado algunos proyectos de Usaid por considerarlos pol\u00edticos, ya que incluyen donaciones a la ONG Fundamedios. Su director, C\u00e9sar Ricaurte, est\u00e1 enfrentado con el Ejecutivo.<\/p>\n","protected":false},"excerpt":{"rendered":"<p>El pr\u00f3ximo 30 de septiembre saldr\u00e1 del pa\u00eds la Agencia de Estados Unidos para el Desarrollo Internacional (Usaid, por sus<\/p>\n","protected":false},"author":1,"featured_media":0,"comment_status":"open","ping_status":"open","sticky":false,"template":"","format":"standard","meta":{"footnotes":""},"categories":[1],"tags":[],"_links":{"self":[{"href":"https:\/\/www.ecuadoraldia.com.ec\/index.php?rest_route=\/wp\/v2\/posts\/2290"}],"collection":[{"href":"https:\/\/www.ecuadoraldia.com.ec\/index.php?rest_route=\/wp\/v2\/posts"}],"about":[{"href":"https:\/\/www.ecuadoraldia.com.ec\/index.php?rest_route=\/wp\/v2\/types\/post"}],"author":[{"embeddable":true,"href":"https:\/\/www.ecuadoraldia.com.ec\/index.php?rest_route=\/wp\/v2\/users\/1"}],"replies":[{"embeddable":true,"href":"https:\/\/www.ecuadoraldia.com.ec\/index.php?rest_route=%2Fwp%2Fv2%2Fcomments&post=2290"}],"version-history":[{"count":1,"href":"https:\/\/www.ecuadoraldia.com.ec\/index.php?rest_route=\/wp\/v2\/posts\/2290\/revisions"}],"predecessor-version":[{"id":2292,"href":"https:\/\/www.ecuadoraldia.com.ec\/index.php?rest_route=\/wp\/v2\/posts\/2290\/revisions\/2292"}],"wp:attachment":[{"href":"https:\/\/www.ecuadoraldia.com.ec\/index.php?rest_route=%2Fwp%2Fv2%2Fmedia&parent=2290"}],"wp:term":[{"taxonomy":"category","embeddable":true,"href":"https:\/\/www.ecuadoraldia.com.ec\/index.php?rest_route=%2Fwp%2Fv2%2Fcategories&post=2290"},{"taxonomy":"post_tag","embeddable":true,"href":"https:\/\/www.ecuadoraldia.com.ec\/index.php?rest_route=%2Fwp%2Fv2%2Ftags&post=2290"}],"curies":[{"name":"wp","href":"https:\/\/api.w.org\/{rel}","templated":true}]}}