{"id":22918,"date":"2024-10-18T15:45:28","date_gmt":"2024-10-18T20:45:28","guid":{"rendered":"https:\/\/www.ecuadoraldia.com.ec\/?p=22918"},"modified":"2024-10-18T15:45:28","modified_gmt":"2024-10-18T20:45:28","slug":"noboa-anuncia-duracion-de-los-cortes-de-luz-de-las-tres-proximas-semanas","status":"publish","type":"post","link":"https:\/\/www.ecuadoraldia.com.ec\/?p=22918","title":{"rendered":"Noboa anuncia duraci\u00f3n de los cortes de luz de las tres pr\u00f3ximas semanas"},"content":{"rendered":"\n<p>El presidente Daniel Noboa, inform\u00f3 este jueves respecto de la reducci\u00f3n progresiva de la duraci\u00f3n de los cortes de luz en zonas residenciales a lo largo de las siguientes tres semanas.<\/p>\n\n\n\n<p>Explic\u00f3 a trav\u00e9s de un video publicado en la red social X que la semana que inicia el 21 de octubre la duraci\u00f3n de los apagones diarios, que actualmente ronda las 10 horas, bajar\u00e1 a 8. Durante la semana que inicia el 28 de octubre, en cambio, esta ser\u00e1 de 6, y finalmente, para la semana que comienza el 6 de noviembre, se extender\u00e1 hasta 4.<\/p>\n\n\n\n<p>Los horarios de cortes de luz estar\u00e1n programados en dos bloques, sin precisar cu\u00e1ndo se publicar\u00e1n los cronogramas de acuerdo a sectores, e inform\u00f3 que la reducci\u00f3n paulatina de cortes de luz no entrar\u00e1 en efecto en el sector industrial.<\/p>\n\n\n\n<p>\u00abEstamos trabajando en alternativas reales para que el sector productivo contin\u00fae operando y enfrentando los retos del mercado global. Estas medidas incluyen incentivos fiscales, apoyo log\u00edstico y presentar sus propuestas de competitividad a la Asamblea Nacional para facilitar sus operaciones\u00bb, indic\u00f3 la ministra Garc\u00eda.<\/p>\n\n\n\n<p>Ecuador enfrenta un prolongado estiaje que ha llevado al gobierno a disponer en las \u00faltimas semanas cortes de luz diarios de cerca de diez horas en la mayor\u00eda de ciudades., puesto que el caudal de los r\u00edos que alimentan a las principales centrales hidroel\u00e9ctricas del pa\u00eds ha llegado a niveles m\u00ednimos.<\/p>\n\n\n\n<p>La politiquer\u00eda y la corrupci\u00f3n inquistada en las instituciones del Estado desde hace d\u00e9cadas, ha impedido un eficiente manejo de la pol\u00edtica energ\u00e9tica. Los estiajes no son de ahora, viene de a\u00f1os atr\u00e1s, incluso hubo un gobierno que desmarc\u00f3 la hora en 1992, esa experiencia debi\u00f3 servir a los gobiernos posteriores a tomar medidas alternativas para la generaci\u00f3n el\u00e9ctrica, con paneles solares y e\u00f3lica.<\/p>\n\n\n\n<p>En Manab\u00ed se ten\u00eda previsto la construcci\u00f3n de proyectos fotovoltaicos, sin embargo no se han concretado. De las hidroel\u00e9ctricas que tiene el pa\u00eds, solo dos est\u00e1n en funcionamiento las dem\u00e1s est\u00e1n fuera de servicio.<\/p>\n\n\n\n<p>Gobiernos anteriores no han aprovechado el gas del campo Amistad en el golfo de Guayaquil, Pascuales y las provincias orientales, para la generaci\u00f3n t\u00e9rmica, simplemente porque creyeron que con las hidroel\u00e9ctricas estar\u00eda solucionado el problema, pero vemos que la realidad es otra.<\/p>\n","protected":false},"excerpt":{"rendered":"<p>El presidente Daniel Noboa, inform\u00f3 este jueves respecto de la reducci\u00f3n progresiva de la duraci\u00f3n de los cortes de luz<\/p>\n","protected":false},"author":1,"featured_media":22919,"comment_status":"closed","ping_status":"closed","sticky":false,"template":"","format":"standard","meta":{"footnotes":""},"categories":[9,11],"tags":[],"_links":{"self":[{"href":"https:\/\/www.ecuadoraldia.com.ec\/index.php?rest_route=\/wp\/v2\/posts\/22918"}],"collection":[{"href":"https:\/\/www.ecuadoraldia.com.ec\/index.php?rest_route=\/wp\/v2\/posts"}],"about":[{"href":"https:\/\/www.ecuadoraldia.com.ec\/index.php?rest_route=\/wp\/v2\/types\/post"}],"author":[{"embeddable":true,"href":"https:\/\/www.ecuadoraldia.com.ec\/index.php?rest_route=\/wp\/v2\/users\/1"}],"replies":[{"embeddable":true,"href":"https:\/\/www.ecuadoraldia.com.ec\/index.php?rest_route=%2Fwp%2Fv2%2Fcomments&post=22918"}],"version-history":[{"count":1,"href":"https:\/\/www.ecuadoraldia.com.ec\/index.php?rest_route=\/wp\/v2\/posts\/22918\/revisions"}],"predecessor-version":[{"id":22920,"href":"https:\/\/www.ecuadoraldia.com.ec\/index.php?rest_route=\/wp\/v2\/posts\/22918\/revisions\/22920"}],"wp:featuredmedia":[{"embeddable":true,"href":"https:\/\/www.ecuadoraldia.com.ec\/index.php?rest_route=\/wp\/v2\/media\/22919"}],"wp:attachment":[{"href":"https:\/\/www.ecuadoraldia.com.ec\/index.php?rest_route=%2Fwp%2Fv2%2Fmedia&parent=22918"}],"wp:term":[{"taxonomy":"category","embeddable":true,"href":"https:\/\/www.ecuadoraldia.com.ec\/index.php?rest_route=%2Fwp%2Fv2%2Fcategories&post=22918"},{"taxonomy":"post_tag","embeddable":true,"href":"https:\/\/www.ecuadoraldia.com.ec\/index.php?rest_route=%2Fwp%2Fv2%2Ftags&post=22918"}],"curies":[{"name":"wp","href":"https:\/\/api.w.org\/{rel}","templated":true}]}}