{"id":2293,"date":"2014-05-13T12:27:52","date_gmt":"2014-05-13T12:27:52","guid":{"rendered":"http:\/\/www.ecuadoraldia.com.ec\/?p=2293"},"modified":"2014-05-13T12:27:52","modified_gmt":"2014-05-13T12:27:52","slug":"rueda-anunciara-a-sus-30","status":"publish","type":"post","link":"https:\/\/www.ecuadoraldia.com.ec\/?p=2293","title":{"rendered":"Rueda anunciar\u00e1 a sus 30"},"content":{"rendered":"<p><a href=\"http:\/\/www.ecuadoraldia.com.ec\/wp-content\/uploads\/2014\/05\/fut.jpg\"><img loading=\"lazy\" decoding=\"async\" class=\"alignleft size-medium wp-image-2294\" alt=\"ENTRENAMIENTO SELECCION\" src=\"http:\/\/www.ecuadoraldia.com.ec\/wp-content\/uploads\/2014\/05\/fut-300x200.jpg\" width=\"300\" height=\"200\" srcset=\"https:\/\/www.ecuadoraldia.com.ec\/wp-content\/uploads\/2014\/05\/fut-300x200.jpg 300w, https:\/\/www.ecuadoraldia.com.ec\/wp-content\/uploads\/2014\/05\/fut.jpg 400w\" sizes=\"(max-width: 300px) 100vw, 300px\" \/><\/a>Las dudas empiezan a despejarse. Hoy, la Federaci\u00f3n Ecuatoriana de F\u00fatbol entregar\u00e1 la n\u00f3mina de 30 futbolistas que ser\u00e1n inscritos en la FIFA para el Mundial de Brasil. De ella saldr\u00e1n los 23 definitivos.<\/p>\n<p>En esta lista estar\u00e1 la mayor\u00eda de jugadores que ayer en la tarde viaj\u00f3 hacia \u00c1msterdam, para jugar un comprobatorio contra Holanda, el s\u00e1bado.<\/p>\n<p>Mientras, en la ma\u00f1ana, la selecci\u00f3n cumpli\u00f3 un entrenamiento en Quito.<\/p>\n<p>Jefferson Montero fue el centro de atenci\u00f3n durante esta sesi\u00f3n. El extremo del Morelia mexicano brome\u00f3 con Luis Fernando Saritama, Alexander Dom\u00ednguez, Jaime Ayov\u00ed, Fidel Mart\u00ednez, Armando Wila y Joao Rojas; pero al mismo tiempo dio la alerta para acelerar en los ejercicios de velocidad y recuperaci\u00f3n.<\/p>\n<p>Montero coment\u00f3 los spots publicitarios grabados por algunos de sus compa\u00f1eros. Se burl\u00f3 de algunas actuaciones. Los dem\u00e1s rieron. As\u00ed estuvieron cerca de veinte minutos.<\/p>\n<p>Despu\u00e9s cumplieron ejercicios de definici\u00f3n. Fidel Mart\u00ednez destac\u00f3 porque la mayor\u00eda de sus remates terminaron en gol. Los dem\u00e1s tuvieron problemas para superar al golero Adri\u00e1n Bone.<\/p>\n<p>Al otro costado de la cancha, los integrantes de Barcelona y Emelec, que disputaron el Cl\u00e1sico del Astillero la tarde del domingo, realizaron un trote suave como parte de la sesi\u00f3n de recuperaci\u00f3n.<\/p>\n<p>Pedro Qui\u00f1\u00f3nez fue el m\u00e1s animado. El volante de contenci\u00f3n de Emelec salud\u00f3 con todos cada vez que pas\u00f3 por la zona de prensa. Los dem\u00e1s, M\u00e1ximo Banguera, Jorge Guagua, Gabriel Achilier, \u00d3scar Bag\u00fc\u00ed y Juan Carlos Paredes, caminaron con la mirada al piso.<\/p>\n<p>En total, 13 jugadores estuvieron en la cancha Christian \u00abChucho\u00bb Ben\u00edtez, de la Casa de la Selecci\u00f3n.<\/p>\n<p>Dos horas antes, a las 09:15, Jorge Guagua, Armando Wila y Fidel Mart\u00ednez hablaron con los medios. Coincidieron en que el partido contra Holanda, en el \u00c1msterdam Arena, ser\u00e1 una prueba muy cercana a los partidos del Mundial. Aunque, Mart\u00ednez admiti\u00f3 que existir\u00e1 una diferencia: se cuidar\u00e1n para evitar lesiones.<\/p>\n<p>Guagua inst\u00f3 a la hinchada a sentirse tranquila con la defensa de Ecuador. Pidi\u00f3 confianza en el proceso y descart\u00f3 que su compa\u00f1ero Frickson Erazo tenga problemas porque no juega con regularidad en el Flamengo, de Brasil. \u00abCuando llegas a la selecci\u00f3n tienes otro chip, entregamos algo m\u00e1s. Estoy seguro que no habr\u00e1 problemas\u00bb, dijo Guagua.<\/p>\n<p>Wila se mostr\u00f3 feliz. Ser\u00e1 su primer partido ante un seleccionado nacional. La primera vez que jug\u00f3 con la tricolor fue ante el combinado de extranjeros del f\u00fatbol ecuatoriano. Anot\u00f3 un gol. \u00abMe han recibido muy bien. Me siento seguro y espero que todo resulte y pueda aportar lo necesario y quedarme en la lista final\u00bb, se\u00f1al\u00f3.<\/p>\n<p>A las 13:30, los seleccionados fueron hacia el aeropuerto. El viaje tuvo una sola escala en Guayaquil. Aterrizar\u00e1n en Holanda hoy, al mediod\u00eda.<\/p>\n<p>De acuerdo a la planificaci\u00f3n, Ecuador se hospedar\u00e1 en el hotel Renaissance. El domingo los jugadores regresar\u00e1n al pa\u00eds. Por disposici\u00f3n de FIFA, los seleccionados saldr\u00e1n de vacaciones una semana. La mayor\u00eda descansar\u00e1 tres d\u00edas antes de volver a reunirse, en Quito, para retomar los entrenamientos. La raz\u00f3n: todos han tenido m\u00e1s de los siete d\u00edas de ese descanso obligatorio. Quienes juegan en el f\u00fatbol mexicano llevan dos semanas libres.<\/p>\n","protected":false},"excerpt":{"rendered":"<p>Las dudas empiezan a despejarse. Hoy, la Federaci\u00f3n Ecuatoriana de F\u00fatbol entregar\u00e1 la n\u00f3mina de 30 futbolistas que ser\u00e1n inscritos<\/p>\n","protected":false},"author":1,"featured_media":0,"comment_status":"open","ping_status":"open","sticky":false,"template":"","format":"standard","meta":{"footnotes":""},"categories":[10],"tags":[],"_links":{"self":[{"href":"https:\/\/www.ecuadoraldia.com.ec\/index.php?rest_route=\/wp\/v2\/posts\/2293"}],"collection":[{"href":"https:\/\/www.ecuadoraldia.com.ec\/index.php?rest_route=\/wp\/v2\/posts"}],"about":[{"href":"https:\/\/www.ecuadoraldia.com.ec\/index.php?rest_route=\/wp\/v2\/types\/post"}],"author":[{"embeddable":true,"href":"https:\/\/www.ecuadoraldia.com.ec\/index.php?rest_route=\/wp\/v2\/users\/1"}],"replies":[{"embeddable":true,"href":"https:\/\/www.ecuadoraldia.com.ec\/index.php?rest_route=%2Fwp%2Fv2%2Fcomments&post=2293"}],"version-history":[{"count":1,"href":"https:\/\/www.ecuadoraldia.com.ec\/index.php?rest_route=\/wp\/v2\/posts\/2293\/revisions"}],"predecessor-version":[{"id":2295,"href":"https:\/\/www.ecuadoraldia.com.ec\/index.php?rest_route=\/wp\/v2\/posts\/2293\/revisions\/2295"}],"wp:attachment":[{"href":"https:\/\/www.ecuadoraldia.com.ec\/index.php?rest_route=%2Fwp%2Fv2%2Fmedia&parent=2293"}],"wp:term":[{"taxonomy":"category","embeddable":true,"href":"https:\/\/www.ecuadoraldia.com.ec\/index.php?rest_route=%2Fwp%2Fv2%2Fcategories&post=2293"},{"taxonomy":"post_tag","embeddable":true,"href":"https:\/\/www.ecuadoraldia.com.ec\/index.php?rest_route=%2Fwp%2Fv2%2Ftags&post=2293"}],"curies":[{"name":"wp","href":"https:\/\/api.w.org\/{rel}","templated":true}]}}