{"id":2296,"date":"2014-05-13T20:38:39","date_gmt":"2014-05-13T20:38:39","guid":{"rendered":"http:\/\/www.ecuadoraldia.com.ec\/?p=2296"},"modified":"2014-05-13T20:38:39","modified_gmt":"2014-05-13T20:38:39","slug":"retienen-al-exalcalde-de-muisne-para-investigaciones-por-muerte-de-w-vera","status":"publish","type":"post","link":"https:\/\/www.ecuadoraldia.com.ec\/?p=2296","title":{"rendered":"Retienen al exalcalde de Muisne para investigaciones por muerte de W. Vera"},"content":{"rendered":"<p><a href=\"http:\/\/www.ecuadoraldia.com.ec\/wp-content\/uploads\/2014\/05\/Walker-Vera.jpg\"><img loading=\"lazy\" decoding=\"async\" class=\"alignleft size-medium wp-image-2297\" alt=\"Walker-Vera\" src=\"http:\/\/www.ecuadoraldia.com.ec\/wp-content\/uploads\/2014\/05\/Walker-Vera-300x225.jpg\" width=\"300\" height=\"225\" srcset=\"https:\/\/www.ecuadoraldia.com.ec\/wp-content\/uploads\/2014\/05\/Walker-Vera-300x225.jpg 300w, https:\/\/www.ecuadoraldia.com.ec\/wp-content\/uploads\/2014\/05\/Walker-Vera.jpg 600w\" sizes=\"(max-width: 300px) 100vw, 300px\" \/><\/a>Esmeraldas.- Pa\u00fal V\u00e9lez, exalcalde del cant\u00f3n Muisne, fue retenido para las investigaciones que realiza la Polic\u00eda Nacional en conjunto con la Fiscal\u00eda, por el asesinato del alcalde electo Walker Vera.<\/p>\n<p>V\u00e9lez acudi\u00f3 a la Fiscal\u00eda a rendir versiones en torno al asesinato del alcalde electo Walker Vera, quien fuera acribillado el pasado domingo.<\/p>\n<p>\u201cSu nombre apareci\u00f3 dentro de las investigaciones preliminares y la Fiscal\u00eda consider\u00f3 que era necesaria su presencia para rendir su versi\u00f3n. Se est\u00e1 verificando si existe alg\u00fan tipo de participaci\u00f3n en este hecho. Nosotros como Polic\u00eda Nacional tomamos los datos que podamos recabar del retenido y luego daremos la informaci\u00f3n a la Fiscal\u00eda\u201d, dijo el coronel Carlos Alulema, Jefe Nacional de la Direcci\u00f3n Nacional de Delitos Contra la Vida, Muertes Violentas, Desapariciones, Extorsi\u00f3n y Secuestros (Dinased), quien se encuentra al frente de los trabajos de investigaci\u00f3n.<\/p>\n<p>La Polic\u00eda Nacional con sus unidades de Polic\u00eda Judicial, Criminal\u00edstica y Dinased, siguen recabando datos del incidente para confrontar los hechos en torno al caso.<\/p>\n<p>Seguridad privada<\/p>\n<p>El coronel de la Dinased aclar\u00f3 que el fallecido no ten\u00eda asignado resguardo policial, puesto que contaba con seguridad privada. \u201cEra gente de confianza. Las investigaciones determinar\u00e1n si estaba resguardado o no. Todas las versiones de los presuntos involucrados se ir\u00e1n verificando, confrontando para dar con los autores intelectuales y materiales del hecho\u201d, a\u00f1adi\u00f3<\/p>\n<p>Procedimientos de vanguardia se suman para esclarecer asesinato de alcalde electo<\/p>\n<p>Esmeraldas.- El equipo de Inspecci\u00f3n Ocular T\u00e9cnica (IOT) de la Unidad de Apoyo Criminal\u00edstico de Esmeraldas tom\u00f3 el pasado domingo procedimiento respecto de los elementos de convicci\u00f3n, indicios y m\u00e1s evidencias encontradas en el lugar donde fue asesinado el alcalde electo del cant\u00f3n Muisne, Eddy Walquer Vera Guerrero.<\/p>\n<p>Una vez notificado el hecho delictivo por parte del ECU 911, el OIT acudi\u00f3 de inmediato a la escena del delito, a fin de proteger, observar, fijar y recolectar indicios para su posterior an\u00e1lisis. Este procedimiento dotar\u00e1, a la administraci\u00f3n de justicia, de elementos que coadyuven cient\u00edficamente en la investigaci\u00f3n del caso.<\/p>\n<p>El lunes 12 de mayo, en coordinaci\u00f3n con la Fiscal\u00eda General del Estado, se ha dispuesto el env\u00edo de un equipo de \u00faltima generaci\u00f3n para el levantamiento de la escena del crimen, en Esmeraldas.<\/p>\n<p>La secci\u00f3n IOT de la Polic\u00eda Nacional se cre\u00f3 en el a\u00f1o de 1996, para brindar asesoramiento t\u00e9cnico-cient\u00edfico en una investigaci\u00f3n moderna del delito, mediante la aplicaci\u00f3n del conocimiento, experiencia y equipamiento avanzado. De este modo se provee de suficientes elementos de convicci\u00f3n que sustenten la acusaci\u00f3n fiscal y afiancen los fallos y decisiones de los jueces y tribunales de justicia.<\/p>\n<p><a href=\"http:\/\/www.ecuadoraldia.com.ec\/wp-content\/uploads\/2014\/05\/fiscal-wal.jpg\"><img loading=\"lazy\" decoding=\"async\" class=\"alignleft size-medium wp-image-2298\" alt=\"fiscal wal\" src=\"http:\/\/www.ecuadoraldia.com.ec\/wp-content\/uploads\/2014\/05\/fiscal-wal-300x240.jpg\" width=\"300\" height=\"240\" srcset=\"https:\/\/www.ecuadoraldia.com.ec\/wp-content\/uploads\/2014\/05\/fiscal-wal-300x240.jpg 300w, https:\/\/www.ecuadoraldia.com.ec\/wp-content\/uploads\/2014\/05\/fiscal-wal.jpg 646w\" sizes=\"(max-width: 300px) 100vw, 300px\" \/><\/a>Fiscal General aclar\u00f3 que se trata de una retenci\u00f3n por seis horas para las investigaciones.<br \/>\nLa Fiscal\u00eda de Esmeraldas tom\u00f3 la versi\u00f3n de P. V. C., exalcalde de Muisne, dentro de las investigaciones que se realizan por el asesinato de Walquer Vera, alcalde electo de dicho cant\u00f3n.<\/p>\n<p>Medios locales informaron que P.V.C. se present\u00f3 de manera voluntaria.<\/p>\n<p>El fiscal general del Estado, Galo Chiriboga, confirm\u00f3 la retenci\u00f3n de una persona, aunque no dio mayores detalles, pues el caso est\u00e1 en indagaci\u00f3n previa. \u00abLo que yo puedo confirmar es que tenemos una persona no detenida, sino retenida por seis horas con fines de investigaci\u00f3n, y en este momento estamos trabajando en ello. Vamos a ver qu\u00e9 informaci\u00f3n obtenemos de esa retenci\u00f3n, si amerita profundizar eso vamos a pedir utilizar 18 horas m\u00e1s para la detenci\u00f3n de una persona hasta por 24 horas\u00bb, recalc\u00f3.<\/p>\n<p>Chiriboga explic\u00f3 que por el momento los hechos no pueden hacerse p\u00fablicos, ni los contenidos de las declaraciones. \u00abEstamos trabajando varias hip\u00f3tesis y cuando avancemos en esas investigaciones lo profundizar\u00e9\u00bb, apunt\u00f3.<\/p>\n<p>Vera fue asesinado, el pasado domingo en la ma\u00f1ana, cuando se trasladaba en su veh\u00edculo Toyota, color crema, por el sector Vuelta Larga, en el sur de Esmeraldas.<\/p>\n<p>Miles de ciudadanos, as\u00ed como coidearios y autoridades, asistieron desde la ma\u00f1ana de ayer al funeral. Su sepelio ser\u00e1 hoy en el cant\u00f3n El Carmen, provincia de Manab\u00ed (su lugar de origen).<\/p>\n<p>Tres fiscales se encargan de las investigaciones del crimen.<\/p>\n<p>(Min interior el tel\u00e9grafo-ecuadoraldia)<\/p>\n","protected":false},"excerpt":{"rendered":"<p>Esmeraldas.- Pa\u00fal V\u00e9lez, exalcalde del cant\u00f3n Muisne, fue retenido para las investigaciones que realiza la Polic\u00eda Nacional en conjunto con<\/p>\n","protected":false},"author":1,"featured_media":0,"comment_status":"open","ping_status":"open","sticky":false,"template":"","format":"standard","meta":{"footnotes":""},"categories":[5],"tags":[],"_links":{"self":[{"href":"https:\/\/www.ecuadoraldia.com.ec\/index.php?rest_route=\/wp\/v2\/posts\/2296"}],"collection":[{"href":"https:\/\/www.ecuadoraldia.com.ec\/index.php?rest_route=\/wp\/v2\/posts"}],"about":[{"href":"https:\/\/www.ecuadoraldia.com.ec\/index.php?rest_route=\/wp\/v2\/types\/post"}],"author":[{"embeddable":true,"href":"https:\/\/www.ecuadoraldia.com.ec\/index.php?rest_route=\/wp\/v2\/users\/1"}],"replies":[{"embeddable":true,"href":"https:\/\/www.ecuadoraldia.com.ec\/index.php?rest_route=%2Fwp%2Fv2%2Fcomments&post=2296"}],"version-history":[{"count":1,"href":"https:\/\/www.ecuadoraldia.com.ec\/index.php?rest_route=\/wp\/v2\/posts\/2296\/revisions"}],"predecessor-version":[{"id":2299,"href":"https:\/\/www.ecuadoraldia.com.ec\/index.php?rest_route=\/wp\/v2\/posts\/2296\/revisions\/2299"}],"wp:attachment":[{"href":"https:\/\/www.ecuadoraldia.com.ec\/index.php?rest_route=%2Fwp%2Fv2%2Fmedia&parent=2296"}],"wp:term":[{"taxonomy":"category","embeddable":true,"href":"https:\/\/www.ecuadoraldia.com.ec\/index.php?rest_route=%2Fwp%2Fv2%2Fcategories&post=2296"},{"taxonomy":"post_tag","embeddable":true,"href":"https:\/\/www.ecuadoraldia.com.ec\/index.php?rest_route=%2Fwp%2Fv2%2Ftags&post=2296"}],"curies":[{"name":"wp","href":"https:\/\/api.w.org\/{rel}","templated":true}]}}