{"id":2300,"date":"2014-05-13T20:42:00","date_gmt":"2014-05-13T20:42:00","guid":{"rendered":"http:\/\/www.ecuadoraldia.com.ec\/?p=2300"},"modified":"2014-05-13T20:42:00","modified_gmt":"2014-05-13T20:42:00","slug":"el-57-de-denuncias-presentadas-por-contraloria-corresponde-a-peculado-informo-fiscalia","status":"publish","type":"post","link":"https:\/\/www.ecuadoraldia.com.ec\/?p=2300","title":{"rendered":"El 57% de denuncias presentadas por Contralor\u00eda corresponde a peculado, inform\u00f3 Fiscal\u00eda"},"content":{"rendered":"<p><a href=\"http:\/\/www.ecuadoraldia.com.ec\/wp-content\/uploads\/2014\/05\/informe-contra1.jpg\"><img loading=\"lazy\" decoding=\"async\" class=\"alignleft size-medium wp-image-2302\" alt=\"informe contra\" src=\"http:\/\/www.ecuadoraldia.com.ec\/wp-content\/uploads\/2014\/05\/informe-contra1-300x159.jpg\" width=\"300\" height=\"159\" srcset=\"https:\/\/www.ecuadoraldia.com.ec\/wp-content\/uploads\/2014\/05\/informe-contra1-300x159.jpg 300w, https:\/\/www.ecuadoraldia.com.ec\/wp-content\/uploads\/2014\/05\/informe-contra1.jpg 335w\" sizes=\"(max-width: 300px) 100vw, 300px\" \/><\/a>El fiscal Galo Chiriboga acudi\u00f3 a la Contralor\u00eda para presentar resultados sobre las denuncias presentadas por Contralor\u00eda. Foto: \u00c1lvaro P\u00e9rez\/El Tel\u00e9grafo<br \/>\nEl fiscal Galo Chiriboga acudi\u00f3 a la Contralor\u00eda para presentar resultados sobre las denuncias presentadas por Contralor\u00eda. Foto: \u00c1lvaro P\u00e9rez\/El Tel\u00e9grafo<br \/>\nGalo Chiriboga, fiscal General de la Naci\u00f3n, present\u00f3 hoy los avances de las investigaciones que realiz\u00f3 el organismo sobre casos denunciados por la Contralor\u00eda General del Estado.<\/p>\n<p>Entre 2007 y 2013 se registraron 1.293 denuncias con informes de Contralor\u00eda, en las que se logr\u00f3 180 sentencias. En ese per\u00edodo, se determin\u00f3 que el 5% se encuentra con instrucci\u00f3n fiscal; 7% con auto de llamamiento a juicio; 14% con sentencias, mientras que el 38% se encuentra en indagaci\u00f3n previa.<\/p>\n<p>Ante este alto porcentaje, Chiriboga explic\u00f3 el origen del problema. Reconoci\u00f3 que los fiscales, al aducir que los casos de peculado son imprescriptibles, se demoran \u00abmucho m\u00e1s del tiempo razonable\u00bb.<\/p>\n<p>Chiriboga explic\u00f3 que de las 1.293 denuncias que recibi\u00f3 la instituci\u00f3n, el 57% corresponde a peculado. En 2007 se receptaron 147; en 2008, 113; en 2009, 267; en 2010, 197; en 2011, 162; en 2012, 223 y en 2013, 188.<\/p>\n<p>De las denuncias con indicios de responsabilidad penal enviadas por la Contralor\u00eda, 207 casos correspondieron a los Gobiernos Aut\u00f3nomos Descentralizados (GAD); 168 provienen de la Corporaci\u00f3n Aduanera Ecuatoriana (CAE), mientras que 91 son de la Comisi\u00f3n Nacional de Transporte Terrestre, Tr\u00e1nsito y Seguridad Vial; 46, del Banco Nacional de Fomento (BNF); 46 de hospitales y centros de Salud P\u00fablica; 44 de colegios fiscales; 29 del Cuerpo de Bomberos; 26 de las Juntas Parroquiales; 24 de la Superintendencia de Bancos e igual n\u00famero por parte de universidades p\u00fablicas.<\/p>\n<p>Tambi\u00e9n se registraron 20 denuncias de la Direcci\u00f3n Nacional de Tr\u00e1nsito; 19 del Ministerio de Bienestar Social; 18 de la Corporaci\u00f3n de Desarrollo Afro ecuatoriano; 18 de Pacifictel; 15 de los Consejos Provinciales; 15 del Instituto Ecuatoriano de Seguridad Social (IESS); 14 del Consejo Nacional Electoral (CNE); 14 de las Empresas Municipales de Agua Potable y Alcantarillado; 14 de las Empresas P\u00fablicas Municipales; 13 de la actividad petrolera relacionada a Petroindustrial y 428 casos que engloba a otras entidades.<\/p>\n<p>Frente a este diagn\u00f3stico, el fiscal present\u00f3 al contralor Carlos P\u00f3lit , la propuesta de un nuevo modelo de gesti\u00f3n que se basa en una b\u00fasqueda geo-referenciada y determinaci\u00f3n del estado procesal de las causas con indicios de responsabilidad penal que ir\u00eda desde 2007 hasta la actualidad.<br \/>\nChiriboga tambi\u00e9n sugiri\u00f3 un registro, sorteo aleatorio y seguimiento de las causas a nivel nacional, a trav\u00e9s de un sistema interno de la Fiscal\u00eda y un modelo de seguimiento de investigaci\u00f3n, basado en diligencias y plazos definidos.<\/p>\n<p>Ante ello, P\u00f3lit reconoci\u00f3 que es necesario perfeccionar la coordinaci\u00f3n entre las instituciones estatales de control para superar el desfase entre el n\u00famero de ex\u00e1menes con indicios de responsabilidad penal y las acciones que encaminen desde la Fiscal\u00eda.<\/p>\n","protected":false},"excerpt":{"rendered":"<p>El fiscal Galo Chiriboga acudi\u00f3 a la Contralor\u00eda para presentar resultados sobre las denuncias presentadas por Contralor\u00eda. Foto: \u00c1lvaro P\u00e9rez\/El<\/p>\n","protected":false},"author":1,"featured_media":0,"comment_status":"open","ping_status":"open","sticky":false,"template":"","format":"standard","meta":{"footnotes":""},"categories":[1],"tags":[],"_links":{"self":[{"href":"https:\/\/www.ecuadoraldia.com.ec\/index.php?rest_route=\/wp\/v2\/posts\/2300"}],"collection":[{"href":"https:\/\/www.ecuadoraldia.com.ec\/index.php?rest_route=\/wp\/v2\/posts"}],"about":[{"href":"https:\/\/www.ecuadoraldia.com.ec\/index.php?rest_route=\/wp\/v2\/types\/post"}],"author":[{"embeddable":true,"href":"https:\/\/www.ecuadoraldia.com.ec\/index.php?rest_route=\/wp\/v2\/users\/1"}],"replies":[{"embeddable":true,"href":"https:\/\/www.ecuadoraldia.com.ec\/index.php?rest_route=%2Fwp%2Fv2%2Fcomments&post=2300"}],"version-history":[{"count":1,"href":"https:\/\/www.ecuadoraldia.com.ec\/index.php?rest_route=\/wp\/v2\/posts\/2300\/revisions"}],"predecessor-version":[{"id":2303,"href":"https:\/\/www.ecuadoraldia.com.ec\/index.php?rest_route=\/wp\/v2\/posts\/2300\/revisions\/2303"}],"wp:attachment":[{"href":"https:\/\/www.ecuadoraldia.com.ec\/index.php?rest_route=%2Fwp%2Fv2%2Fmedia&parent=2300"}],"wp:term":[{"taxonomy":"category","embeddable":true,"href":"https:\/\/www.ecuadoraldia.com.ec\/index.php?rest_route=%2Fwp%2Fv2%2Fcategories&post=2300"},{"taxonomy":"post_tag","embeddable":true,"href":"https:\/\/www.ecuadoraldia.com.ec\/index.php?rest_route=%2Fwp%2Fv2%2Ftags&post=2300"}],"curies":[{"name":"wp","href":"https:\/\/api.w.org\/{rel}","templated":true}]}}