{"id":2304,"date":"2014-05-13T20:49:20","date_gmt":"2014-05-13T20:49:20","guid":{"rendered":"http:\/\/www.ecuadoraldia.com.ec\/?p=2304"},"modified":"2014-05-13T20:49:20","modified_gmt":"2014-05-13T20:49:20","slug":"correa-llego-chile-para-reunion-con-bachelet-y-allende-y-dar-conferencia-en-la-cepal","status":"publish","type":"post","link":"https:\/\/www.ecuadoraldia.com.ec\/?p=2304","title":{"rendered":"Correa lleg\u00f3 Chile para reuni\u00f3n con Bachelet y Allende, y dar conferencia en la Cepal"},"content":{"rendered":"<p><a href=\"http:\/\/www.ecuadoraldia.com.ec\/wp-content\/uploads\/2014\/05\/correa-bachelet.jpg\"><img loading=\"lazy\" decoding=\"async\" class=\"alignleft size-medium wp-image-2305\" alt=\"-correa--bachelet\" src=\"http:\/\/www.ecuadoraldia.com.ec\/wp-content\/uploads\/2014\/05\/correa-bachelet-300x182.jpg\" width=\"300\" height=\"182\" srcset=\"https:\/\/www.ecuadoraldia.com.ec\/wp-content\/uploads\/2014\/05\/correa-bachelet-300x182.jpg 300w, https:\/\/www.ecuadoraldia.com.ec\/wp-content\/uploads\/2014\/05\/correa-bachelet.jpg 420w\" sizes=\"(max-width: 300px) 100vw, 300px\" \/><\/a>El presidente Rafael Correa arrib\u00f3 la tarde de este martes a Santiago de Chile, en una visita oficial de dos d\u00edas en la que se reunir\u00e1 con la mandataria Michelle Bachelet, ofrecer\u00e1 una conferencia en la sede de Cepal y recibir\u00e1 el doctorado Honoris Causa por parte de la Universidad Santiago de Chile.<\/p>\n<p>Correa ser\u00e1 recibido por la presidenta chilena en el Palacio de La Moneda y ambos gobernantes encabezar\u00e1n una reuni\u00f3n ampliada con funcionarios de varias carteras de Estado. El objetivo de la visita es \u00abfortalecer el intercambio acad\u00e9mico, cient\u00edfico y tecnol\u00f3gico entre Ecuador y Chile, as\u00ed como fortalecer las relaciones bilaterales\u00bb, indic\u00f3 un comunicado oficial.<\/p>\n<p>Tras el encuentro bilateral, los presidentes ofrecer\u00e1n una declaraci\u00f3n conjunta para luego concluir la cita con una cena, seg\u00fan la agenda oficial.<\/p>\n<p>El mi\u00e9rcoles, Correa visitar\u00e1 la Universidad Santiago de Chile donde se reunir\u00e1 con autoridades y recibir\u00e1 el d\u00e9cimo doctorado Honoris Causa desde 2008.<\/p>\n<p>En ese marco, el presidente Correa aprovechar\u00e1 su presencia en esa universidad p\u00fablica de 164 a\u00f1os de trayectoria, para constatar la suscripci\u00f3n de convenios de cooperaci\u00f3n entre ese centro de estudios y la Secretar\u00eda de Educaci\u00f3n Superior, Ciencia, Tecnolog\u00eda e Innovaci\u00f3n (Senescyt) para que estudiantes ecuatorianos de maestr\u00edas y doctorados se beneficien del 30% de rebajas arancelarias en esos programas.<\/p>\n<p>Por la tarde, el mandatario llegar\u00e1 a la sede de la Comisi\u00f3n Econ\u00f3mica para Am\u00e9rica Latina y el Caribe (Cepal) donde tiene previsto reunirse con la secretaria del organismo, la mexicana Alicia B\u00e1rcenas. En el lugar ofrecer\u00e1 la conferencia \u00abLa Revoluci\u00f3n Ciudadana, logros del proceso pol\u00edtico, econ\u00f3mico y social del Ecuador\u00bb ante invitados y diplom\u00e1ticos.<\/p>\n<p>El viaje oficial concluir\u00e1 con una reuni\u00f3n con la presidenta del Senado, Isabel Allende, quien es hija del expresidente Salvador Allende, derrocado en 1973 en el golpe de Estado encabezado por Augusto Pinochet. Allende es la primera mujer en presidir el Senado chileno.<\/p>\n<p>La delegaci\u00f3n oficial retornar\u00e1 a Quito la madrugada del jueves.<\/p>\n","protected":false},"excerpt":{"rendered":"<p>El presidente Rafael Correa arrib\u00f3 la tarde de este martes a Santiago de Chile, en una visita oficial de dos<\/p>\n","protected":false},"author":1,"featured_media":0,"comment_status":"open","ping_status":"open","sticky":false,"template":"","format":"standard","meta":{"footnotes":""},"categories":[7],"tags":[],"_links":{"self":[{"href":"https:\/\/www.ecuadoraldia.com.ec\/index.php?rest_route=\/wp\/v2\/posts\/2304"}],"collection":[{"href":"https:\/\/www.ecuadoraldia.com.ec\/index.php?rest_route=\/wp\/v2\/posts"}],"about":[{"href":"https:\/\/www.ecuadoraldia.com.ec\/index.php?rest_route=\/wp\/v2\/types\/post"}],"author":[{"embeddable":true,"href":"https:\/\/www.ecuadoraldia.com.ec\/index.php?rest_route=\/wp\/v2\/users\/1"}],"replies":[{"embeddable":true,"href":"https:\/\/www.ecuadoraldia.com.ec\/index.php?rest_route=%2Fwp%2Fv2%2Fcomments&post=2304"}],"version-history":[{"count":1,"href":"https:\/\/www.ecuadoraldia.com.ec\/index.php?rest_route=\/wp\/v2\/posts\/2304\/revisions"}],"predecessor-version":[{"id":2306,"href":"https:\/\/www.ecuadoraldia.com.ec\/index.php?rest_route=\/wp\/v2\/posts\/2304\/revisions\/2306"}],"wp:attachment":[{"href":"https:\/\/www.ecuadoraldia.com.ec\/index.php?rest_route=%2Fwp%2Fv2%2Fmedia&parent=2304"}],"wp:term":[{"taxonomy":"category","embeddable":true,"href":"https:\/\/www.ecuadoraldia.com.ec\/index.php?rest_route=%2Fwp%2Fv2%2Fcategories&post=2304"},{"taxonomy":"post_tag","embeddable":true,"href":"https:\/\/www.ecuadoraldia.com.ec\/index.php?rest_route=%2Fwp%2Fv2%2Ftags&post=2304"}],"curies":[{"name":"wp","href":"https:\/\/api.w.org\/{rel}","templated":true}]}}