{"id":2307,"date":"2014-05-13T21:17:48","date_gmt":"2014-05-13T21:17:48","guid":{"rendered":"http:\/\/www.ecuadoraldia.com.ec\/?p=2307"},"modified":"2014-05-13T21:17:48","modified_gmt":"2014-05-13T21:17:48","slug":"patricio-baca-asume-presidencia-del-tribunal-contencioso-electoral","status":"publish","type":"post","link":"https:\/\/www.ecuadoraldia.com.ec\/?p=2307","title":{"rendered":"Patricio Baca asume presidencia del Tribunal Contencioso Electoral"},"content":{"rendered":"<p><a href=\"http:\/\/www.ecuadoraldia.com.ec\/wp-content\/uploads\/2014\/05\/patricio-baca-asume-pre-contencioso-eleb.jpg\"><img loading=\"lazy\" decoding=\"async\" class=\"alignleft size-medium wp-image-2308\" alt=\"patricio-baca-asume-pre-contencioso-eleb\" src=\"http:\/\/www.ecuadoraldia.com.ec\/wp-content\/uploads\/2014\/05\/patricio-baca-asume-pre-contencioso-eleb-300x200.jpg\" width=\"300\" height=\"200\" srcset=\"https:\/\/www.ecuadoraldia.com.ec\/wp-content\/uploads\/2014\/05\/patricio-baca-asume-pre-contencioso-eleb-300x200.jpg 300w, https:\/\/www.ecuadoraldia.com.ec\/wp-content\/uploads\/2014\/05\/patricio-baca-asume-pre-contencioso-eleb.jpg 450w\" sizes=\"(max-width: 300px) 100vw, 300px\" \/><\/a>Patricio Baca Mancheno asumi\u00f3 desde el jueves pasado la presidencia del Tribunal Contencioso Electoral (TCE), despu\u00e9s que el pleno del organismo aceptara la renuncia a sus funciones, por motivos personales, de Catalina Castro Llerena.<\/p>\n<p>Mientras tanto, el juez Guillermo Gonz\u00e1les asumi\u00f3 la vicepresidencia en reemplazo de Baca, y la directora de la Unidad de Promoci\u00f3n Electoral del Consejo Nacional Electoral (CNE), Angelina Veloz, lleg\u00f3 por encargo a una de las vacantes que se produjo en el tribunal con la salida de Castro.<\/p>\n<p>La Ley Electoral establece que en caso de ausencia de uno o m\u00e1s jueces, asumir\u00e1n en orden de prelaci\u00f3n los magistrados suplentes que fueron designados al mismo tiempo por el Consejo de Participaci\u00f3n Ciudadana y Control Social (Cpccs).<\/p>\n<p>Angelina Veloz ejercer\u00e1 el cargo hasta que el Consejo designe al nuevo juez.<\/p>\n<p>Un pedido de nulidad y una apelaci\u00f3n a una resoluci\u00f3n del CNE, son algunos de los temas que dej\u00f3 pendiente Castro Llerena.(La hora)<\/p>\n","protected":false},"excerpt":{"rendered":"<p>Patricio Baca Mancheno asumi\u00f3 desde el jueves pasado la presidencia del Tribunal Contencioso Electoral (TCE), despu\u00e9s que el pleno del<\/p>\n","protected":false},"author":1,"featured_media":0,"comment_status":"open","ping_status":"open","sticky":false,"template":"","format":"standard","meta":{"footnotes":""},"categories":[1],"tags":[],"_links":{"self":[{"href":"https:\/\/www.ecuadoraldia.com.ec\/index.php?rest_route=\/wp\/v2\/posts\/2307"}],"collection":[{"href":"https:\/\/www.ecuadoraldia.com.ec\/index.php?rest_route=\/wp\/v2\/posts"}],"about":[{"href":"https:\/\/www.ecuadoraldia.com.ec\/index.php?rest_route=\/wp\/v2\/types\/post"}],"author":[{"embeddable":true,"href":"https:\/\/www.ecuadoraldia.com.ec\/index.php?rest_route=\/wp\/v2\/users\/1"}],"replies":[{"embeddable":true,"href":"https:\/\/www.ecuadoraldia.com.ec\/index.php?rest_route=%2Fwp%2Fv2%2Fcomments&post=2307"}],"version-history":[{"count":1,"href":"https:\/\/www.ecuadoraldia.com.ec\/index.php?rest_route=\/wp\/v2\/posts\/2307\/revisions"}],"predecessor-version":[{"id":2309,"href":"https:\/\/www.ecuadoraldia.com.ec\/index.php?rest_route=\/wp\/v2\/posts\/2307\/revisions\/2309"}],"wp:attachment":[{"href":"https:\/\/www.ecuadoraldia.com.ec\/index.php?rest_route=%2Fwp%2Fv2%2Fmedia&parent=2307"}],"wp:term":[{"taxonomy":"category","embeddable":true,"href":"https:\/\/www.ecuadoraldia.com.ec\/index.php?rest_route=%2Fwp%2Fv2%2Fcategories&post=2307"},{"taxonomy":"post_tag","embeddable":true,"href":"https:\/\/www.ecuadoraldia.com.ec\/index.php?rest_route=%2Fwp%2Fv2%2Ftags&post=2307"}],"curies":[{"name":"wp","href":"https:\/\/api.w.org\/{rel}","templated":true}]}}