{"id":2310,"date":"2014-05-14T13:56:53","date_gmt":"2014-05-14T13:56:53","guid":{"rendered":"http:\/\/www.ecuadoraldia.com.ec\/?p=2310"},"modified":"2014-05-14T13:56:53","modified_gmt":"2014-05-14T13:56:53","slug":"carlos-pito-es-el-segundo-detenido-por-la-muerte-de-ex-alcalde-de-muisne-se-entrego-esta-noche","status":"publish","type":"post","link":"https:\/\/www.ecuadoraldia.com.ec\/?p=2310","title":{"rendered":"Carlos Pito\u00b4 es el segundo detenido por la muerte de ex alcalde de Muisne. Se entreg\u00f3 esta noche"},"content":{"rendered":"<p><a href=\"http:\/\/www.ecuadoraldia.com.ec\/wp-content\/uploads\/2014\/05\/El-exalcande-de-Muisne-Pa\u00fal-V\u00e9lez.jpg\"><img loading=\"lazy\" decoding=\"async\" class=\"alignleft size-medium wp-image-2311\" alt=\"El exalcande de Muisne, Pa\u00fal V\u00e9lez\" src=\"http:\/\/www.ecuadoraldia.com.ec\/wp-content\/uploads\/2014\/05\/El-exalcande-de-Muisne-Pa\u00fal-V\u00e9lez-300x188.jpg\" width=\"300\" height=\"188\" srcset=\"https:\/\/www.ecuadoraldia.com.ec\/wp-content\/uploads\/2014\/05\/El-exalcande-de-Muisne-Pa\u00fal-V\u00e9lez-300x188.jpg 300w, https:\/\/www.ecuadoraldia.com.ec\/wp-content\/uploads\/2014\/05\/El-exalcande-de-Muisne-Pa\u00fal-V\u00e9lez.jpg 301w\" sizes=\"(max-width: 300px) 100vw, 300px\" \/><\/a>Esmeraldas.- Rub\u00e9n Tancredo B. P. alias Carlos Pito, de nacionalidad colombiana y 35 a\u00f1os de edad, se entreg\u00f3 aproximadamente a las 20h00 de este martes 13 de mayo, en la Fiscal\u00eda de Esmeraldas. Este ser\u00eda otro de los implicados en el asesinato de Walker Vera, quien era alcalde electo del cant\u00f3n Muisne.<\/p>\n<p>La entrega se dio luego de que juez de Esmeraldas dictara orden de prisi\u00f3n preventiva en contra de alias Carlos Pito y Pa\u00fal V\u00e9lez, exalcalde de Muisne. Las autoridades consideraron que la Polic\u00eda Nacional aport\u00f3 indicios suficientes para suponer la participaci\u00f3n de ambos en el asesinato de Vera.<\/p>\n<p>Tras entregarse, alias Carlos Pito pas\u00f3 a \u00f3rdenes del fiscal de Esmeraldas, Gorky Ortiz, qui\u00e9n recept\u00f3 la versi\u00f3n del detenido.<\/p>\n<p>Antecedentes<\/p>\n<p>Los dos sospechosos estar\u00edan conectados con el caso de asesinato del alcalde Walker Vera, ya que un compa\u00f1ero de campa\u00f1a de la v\u00edctima dijo que antes de lo sucedido fue interceptado por Pa\u00fal V\u00e9lez, manifest\u00e1ndole, \u201cdile a tu jefe que lo voy a matar\u201d.<\/p>\n<p>Durante la audiencia realizada este lunes, la Fiscal\u00eda indic\u00f3 que una testigo mencion\u00f3 que V\u00e9lez, el d\u00eda de los hechos, estuvo en un taxi frente de la casa del ahora occiso y como prueba se expuso en la audiencia una grabaci\u00f3n en audio. Adem\u00e1s, V\u00e9lez habr\u00eda realizado amenazas p\u00fablicas, manifestando que no dejar\u00eda que se posesione Walker Vera.<\/p>\n<p>La Polic\u00eda Nacional acopi\u00f3 un expediente de 118 hojas en el cual ser detallan los posibles nexos entre los dos involucrados en la muerte del alcalde electo de Muisne.<\/p>\n<p>Las investigaciones determinan que existen varios testigos, quienes recibieron mensajes de texto del ahora fallecido se\u00f1alando que Pa\u00fal V\u00e9lez y alias Carlos Pito planeaban un atentado en contra de Vera.<\/p>\n<p>Walker Vera era alcalde electo del cant\u00f3n Muisne. Iniciar\u00eda sus funciones el 15 de este mes, pero fue asesinado el pasado domingo en horas de la ma\u00f1ana, mientras se movilizaba a su domicilio, al sur de Esmeraldas.<\/p>\n","protected":false},"excerpt":{"rendered":"<p>Esmeraldas.- Rub\u00e9n Tancredo B. P. alias Carlos Pito, de nacionalidad colombiana y 35 a\u00f1os de edad, se entreg\u00f3 aproximadamente a<\/p>\n","protected":false},"author":1,"featured_media":0,"comment_status":"open","ping_status":"open","sticky":false,"template":"","format":"standard","meta":{"footnotes":""},"categories":[5],"tags":[],"_links":{"self":[{"href":"https:\/\/www.ecuadoraldia.com.ec\/index.php?rest_route=\/wp\/v2\/posts\/2310"}],"collection":[{"href":"https:\/\/www.ecuadoraldia.com.ec\/index.php?rest_route=\/wp\/v2\/posts"}],"about":[{"href":"https:\/\/www.ecuadoraldia.com.ec\/index.php?rest_route=\/wp\/v2\/types\/post"}],"author":[{"embeddable":true,"href":"https:\/\/www.ecuadoraldia.com.ec\/index.php?rest_route=\/wp\/v2\/users\/1"}],"replies":[{"embeddable":true,"href":"https:\/\/www.ecuadoraldia.com.ec\/index.php?rest_route=%2Fwp%2Fv2%2Fcomments&post=2310"}],"version-history":[{"count":1,"href":"https:\/\/www.ecuadoraldia.com.ec\/index.php?rest_route=\/wp\/v2\/posts\/2310\/revisions"}],"predecessor-version":[{"id":2312,"href":"https:\/\/www.ecuadoraldia.com.ec\/index.php?rest_route=\/wp\/v2\/posts\/2310\/revisions\/2312"}],"wp:attachment":[{"href":"https:\/\/www.ecuadoraldia.com.ec\/index.php?rest_route=%2Fwp%2Fv2%2Fmedia&parent=2310"}],"wp:term":[{"taxonomy":"category","embeddable":true,"href":"https:\/\/www.ecuadoraldia.com.ec\/index.php?rest_route=%2Fwp%2Fv2%2Fcategories&post=2310"},{"taxonomy":"post_tag","embeddable":true,"href":"https:\/\/www.ecuadoraldia.com.ec\/index.php?rest_route=%2Fwp%2Fv2%2Ftags&post=2310"}],"curies":[{"name":"wp","href":"https:\/\/api.w.org\/{rel}","templated":true}]}}