{"id":23106,"date":"2024-11-23T12:26:35","date_gmt":"2024-11-23T17:26:35","guid":{"rendered":"https:\/\/www.ecuadoraldia.com.ec\/?p=23106"},"modified":"2024-11-23T12:26:36","modified_gmt":"2024-11-23T17:26:36","slug":"el-ministerio-de-energia-anuncia-que-los-apagones-se-reduciran-y-seran-de-6-a-7-horas-diarias-entre-el-lunes-25-y-el-jueves-28-de-noviembre","status":"publish","type":"post","link":"https:\/\/www.ecuadoraldia.com.ec\/?p=23106","title":{"rendered":"El Ministerio de Energ\u00eda anuncia que los apagones se reducir\u00e1n y ser\u00e1n de 6 a 7 horas diarias entre el lunes 25 y el jueves 28 de noviembre"},"content":{"rendered":"\n<p>La ministra de Energ\u00eda (e) In\u00e9s Manzano anunci\u00f3 una reducci\u00f3n en los horarios de apagones, a pesar de que los embalses de Mazar y Paute siguen en m\u00ednimos.<\/p>\n\n\n\n<p>El Gobierno de Daniel Noboa asegura que ha habido un \u00abincremento en los caudales\u00bb que abastecen a las hidroel\u00e9ctricas. Eso, seg\u00fan las autoridades, permite reducir los horarios de cortes de luz durante la pr\u00f3xima semana, es decir, entre el 25 y 28 de noviembre de 2024.<\/p>\n\n\n\n<p>Sin evidencia t\u00e9cnica de respaldo, y casi a la medianoche, el ministerio de Energ\u00eda y Minas emiti\u00f3 un comunicado el pasado 22 de noviembre de 2024 diciendo lo siguiente:<\/p>\n\n\n\n<p>\u00abEn relaci\u00f3n con la situaci\u00f3n actual del Sistema Energ\u00e9tico Nacional, el Ministerio de Energ\u00eda y Minas informa a la ciudadan\u00eda que, tras el monitoreo constante de las condiciones hidrol\u00f3gicas en las zonas donde operan las centrales hidroel\u00e9ctricas, se ha registrado un incremento en los caudales que abastecen a estas infraestructuras\u00bb.<\/p>\n\n\n\n<p>En este contexto, el Ministerio anunci\u00f3&nbsp; que los cronogramas de suspensi\u00f3n del servicio el\u00e9ctrico para el per\u00edodo comprendido entre el lunes 25 y el jueves 28 de noviembre se ajustar\u00e1n, reduciendo los horarios de racionamiento a nivel nacional.<\/p>\n\n\n\n<p>\u00abLa nueva programaci\u00f3n establece racionamientos de 6 -7 horas a nivel nacional. Estos cronogramas estar\u00e1n disponibles en las paginas oficiales del Ministerio de Energ\u00eda y Minas, y de las empresas distribuidoras a partir de las 07:00 de este s\u00e1bado 23 de noviembre\u00bb.<\/p>\n\n\n\n<p>\u00bfRealmente los caudales y embalses de las hidroel\u00e9ctricas se han recuperado significativamente en Ecuador?<\/p>\n\n\n\n<p>Si se revisa la situaci\u00f3n de las hidroel\u00e9ctricas de Cele sur, con corte&nbsp; a las 06:00 de este 23 de noviembre de 2024, la situaci\u00f3n es la siguiente:<\/p>\n\n\n\n<p>1.- El embalse de Mazar no se recupera de manera significativa, a pesar de estar apagado todo el d\u00eda desde ayer. El nivel es de 2.111,11 metros sobre el nivel del mar. Eso es apenas 1,11 metros por encima de los 2.1110 metros, donde se pierde el control de la hidroel\u00e9ctrica.<\/p>\n\n\n\n<p>El caudal que llega al embalse de Mazar est\u00e1 en los 18,2 metros c\u00fabicos de agua por segundo, cuando el nivel \u00f3ptimo es de m\u00e1s de 100 metros c\u00fabicos de agua por segundo.<\/p>\n\n\n\n<p>2.- El embalse de Paute est\u00e1 en los 1.981, 95 metros sobre el nivel del mar. Eso eso 6,95 metros por encima del nivel m\u00ednimo operativo.<\/p>\n\n\n\n<p>El caudal que llega al embalse de Amaluza, que alimenta a Paute, es de apenas 14,54 metros c\u00fabicos por segundo.<\/p>\n\n\n\n<p>3.- El embalse de Sopladora est\u00e1 en los 1.315, 7 metros sobre el nivel del mar. Eso eso 3,7 metros por encima del nivel m\u00ednimo operativo. Mientras que en el caso de Minas San Francisco, el embalse est\u00e1 en los 783,91 metros sobre el nivel del mar. Eso eso 58 cent\u00edmetros metros por encima del nivel m\u00ednimo operativo.<\/p>\n\n\n\n<p>Si las hidroel\u00e9ctricas de Celec sur no tiene una mejora significativa, por qu\u00e9 se anuncian reducciones de cortes de luz para la pr\u00f3xima semana.<\/p>\n\n\n\n<p>Juan M. Miller, investigador del sector el\u00e9ctrico ecuatoriano, explic\u00f3 que todo se debe a que se prev\u00e9n mayores lluvias entre el 23 y 25 de noviembre.<\/p>\n\n\n\n<p>\u00abLos mejores d\u00edas para Paute y Coca Codo Sinclair ser\u00e1 el 23-24-25 de noviembre. Paute alcanzara un caudal de 100 metros c\u00fabicos por segundo (regular a bueno); y Coca Codo Sinclair alcanzara un caudal de 170 metros c\u00fabicos por segundo (bueno)\u00bb, acot\u00f3.<\/p>\n\n\n\n<p>Sin embargo, Miller recalc\u00f3 que las predicciones de Inamhi tienen un margen de error de + \/- 20% y pueden cambiar y recalibrarse en las pr\u00f3ximas horas.<\/p>\n\n\n\n<p>\u00abDespu\u00e9s del 25&nbsp; de noviembre, vendr\u00e1 un retroceso significativo en ambos caudales; siendo el m\u00e1s dram\u00e1tico el pronosticado en Coca Codo Sinclair\u00bb, apunt\u00f3.<\/p>\n\n\n\n<p>As\u00ed, se espera aumento de caudales en Coca Codo Sinclair y Paute durante este fin de semana sobre todo, pero a partir del 25 de noviembre, justo cuando inician los nuevos horarios reducidos de apagones, la situaci\u00f3n cambiar\u00e1.&nbsp;<\/p>\n","protected":false},"excerpt":{"rendered":"<p>La ministra de Energ\u00eda (e) In\u00e9s Manzano anunci\u00f3 una reducci\u00f3n en los horarios de apagones, a pesar de que los<\/p>\n","protected":false},"author":1,"featured_media":22972,"comment_status":"closed","ping_status":"closed","sticky":false,"template":"","format":"standard","meta":{"footnotes":""},"categories":[9,11,4],"tags":[],"_links":{"self":[{"href":"https:\/\/www.ecuadoraldia.com.ec\/index.php?rest_route=\/wp\/v2\/posts\/23106"}],"collection":[{"href":"https:\/\/www.ecuadoraldia.com.ec\/index.php?rest_route=\/wp\/v2\/posts"}],"about":[{"href":"https:\/\/www.ecuadoraldia.com.ec\/index.php?rest_route=\/wp\/v2\/types\/post"}],"author":[{"embeddable":true,"href":"https:\/\/www.ecuadoraldia.com.ec\/index.php?rest_route=\/wp\/v2\/users\/1"}],"replies":[{"embeddable":true,"href":"https:\/\/www.ecuadoraldia.com.ec\/index.php?rest_route=%2Fwp%2Fv2%2Fcomments&post=23106"}],"version-history":[{"count":1,"href":"https:\/\/www.ecuadoraldia.com.ec\/index.php?rest_route=\/wp\/v2\/posts\/23106\/revisions"}],"predecessor-version":[{"id":23107,"href":"https:\/\/www.ecuadoraldia.com.ec\/index.php?rest_route=\/wp\/v2\/posts\/23106\/revisions\/23107"}],"wp:featuredmedia":[{"embeddable":true,"href":"https:\/\/www.ecuadoraldia.com.ec\/index.php?rest_route=\/wp\/v2\/media\/22972"}],"wp:attachment":[{"href":"https:\/\/www.ecuadoraldia.com.ec\/index.php?rest_route=%2Fwp%2Fv2%2Fmedia&parent=23106"}],"wp:term":[{"taxonomy":"category","embeddable":true,"href":"https:\/\/www.ecuadoraldia.com.ec\/index.php?rest_route=%2Fwp%2Fv2%2Fcategories&post=23106"},{"taxonomy":"post_tag","embeddable":true,"href":"https:\/\/www.ecuadoraldia.com.ec\/index.php?rest_route=%2Fwp%2Fv2%2Ftags&post=23106"}],"curies":[{"name":"wp","href":"https:\/\/api.w.org\/{rel}","templated":true}]}}