{"id":2313,"date":"2014-05-14T13:57:59","date_gmt":"2014-05-14T13:57:59","guid":{"rendered":"http:\/\/www.ecuadoraldia.com.ec\/?p=2313"},"modified":"2014-05-14T13:57:59","modified_gmt":"2014-05-14T13:57:59","slug":"listo-operativo-policial-para-cambio-de-mando-en-la-cabildo-capitalino","status":"publish","type":"post","link":"https:\/\/www.ecuadoraldia.com.ec\/?p=2313","title":{"rendered":"Listo operativo policial para cambio de mando en la Cabildo capitalino"},"content":{"rendered":"<p><a href=\"http:\/\/www.ecuadoraldia.com.ec\/wp-content\/uploads\/2014\/05\/M-RODAS.jpg\"><img loading=\"lazy\" decoding=\"async\" class=\"alignleft size-medium wp-image-2314\" alt=\"M RODAS\" src=\"http:\/\/www.ecuadoraldia.com.ec\/wp-content\/uploads\/2014\/05\/M-RODAS-300x201.jpg\" width=\"300\" height=\"201\" srcset=\"https:\/\/www.ecuadoraldia.com.ec\/wp-content\/uploads\/2014\/05\/M-RODAS-300x201.jpg 300w, https:\/\/www.ecuadoraldia.com.ec\/wp-content\/uploads\/2014\/05\/M-RODAS.jpg 940w\" sizes=\"(max-width: 300px) 100vw, 300px\" \/><\/a>Quito.- La Polic\u00eda Nacional brindar\u00e1 seguridad en los actos programados para la posesi\u00f3n de las nuevas autoridades del Distrito Metropolitano de Quito. El operativo se iniciar\u00e1 a las 07:00 del mi\u00e9rcoles 14 de mayo.<\/p>\n<p>El acto oficial de posesi\u00f3n se realizar\u00e1 en el Teatro Sucre a las 16:00. Por esta raz\u00f3n, los controles del sitio se iniciar\u00e1n a las 14:00. El personal policial del Distrito de Polic\u00eda Manuelita S\u00e1enz (oficiales, clases y polic\u00edas) se ubicar\u00e1 en el interior del establecimiento. Mientras que los uniformados de Turismo brindar\u00e1n resguardo a las autoridades durante el recorrido por el Centro Hist\u00f3rico, el que est\u00e1 previsto para las 12:30.<\/p>\n<p>Contingente para el operativo<\/p>\n<p>Efectivos policiales de la DINAPEN, Grupo de Operaciones Especiales (GOE) y Polic\u00eda Judicial (PJ) en coordinaci\u00f3n con el personal del Municipio realizaran un operativo de recogimiento de los ni\u00f1os, mendigos y alcoh\u00f3licos en el Centro Hist\u00f3rico.<\/p>\n<p>El Grupo de Intervenci\u00f3n y Rescate (GIR) previo a todos las actividades programadas realizar\u00e1 un barrido antiexplosivos por la zona del Centro Hist\u00f3rico. Por su parte el personal del GOE brindar\u00e1 protecci\u00f3n y seguridad a las comitivas nacionales e internacionales invitadas a la trasmisi\u00f3n de mando.<\/p>\n<p>Por otro lado, la Unidad de Mantenimiento del Orden (UMO) realizar\u00e1 tareas de escolta, seguridad y control del orden p\u00fablico durante el encuentro de 200 estudiantes de distintos establecimientos educativos secundarios y universitarios. Este evento se efectuar\u00e1 en las instalaciones de Con Quito, ubicado en la av. Maldonado y Carlos Mar\u00eda de la Torre, diagonal a la parada del troleb\u00fas Jefferson P\u00e9rez. Los j\u00f3venes saldr\u00e1n desde el parque de El Arbolito, a las 08:30.<\/p>\n<p>175 uniformados del DMQ estar\u00e1n en el operativo y tendr\u00e1n el apoyo log\u00edstico de cinco veh\u00edculos, cinco motocicletas, cuatro radios y cinco canes.\/ Redacci\u00f3n Quito.<\/p>\n","protected":false},"excerpt":{"rendered":"<p>Quito.- La Polic\u00eda Nacional brindar\u00e1 seguridad en los actos programados para la posesi\u00f3n de las nuevas autoridades del Distrito Metropolitano<\/p>\n","protected":false},"author":1,"featured_media":0,"comment_status":"open","ping_status":"open","sticky":false,"template":"","format":"standard","meta":{"footnotes":""},"categories":[1],"tags":[],"_links":{"self":[{"href":"https:\/\/www.ecuadoraldia.com.ec\/index.php?rest_route=\/wp\/v2\/posts\/2313"}],"collection":[{"href":"https:\/\/www.ecuadoraldia.com.ec\/index.php?rest_route=\/wp\/v2\/posts"}],"about":[{"href":"https:\/\/www.ecuadoraldia.com.ec\/index.php?rest_route=\/wp\/v2\/types\/post"}],"author":[{"embeddable":true,"href":"https:\/\/www.ecuadoraldia.com.ec\/index.php?rest_route=\/wp\/v2\/users\/1"}],"replies":[{"embeddable":true,"href":"https:\/\/www.ecuadoraldia.com.ec\/index.php?rest_route=%2Fwp%2Fv2%2Fcomments&post=2313"}],"version-history":[{"count":1,"href":"https:\/\/www.ecuadoraldia.com.ec\/index.php?rest_route=\/wp\/v2\/posts\/2313\/revisions"}],"predecessor-version":[{"id":2315,"href":"https:\/\/www.ecuadoraldia.com.ec\/index.php?rest_route=\/wp\/v2\/posts\/2313\/revisions\/2315"}],"wp:attachment":[{"href":"https:\/\/www.ecuadoraldia.com.ec\/index.php?rest_route=%2Fwp%2Fv2%2Fmedia&parent=2313"}],"wp:term":[{"taxonomy":"category","embeddable":true,"href":"https:\/\/www.ecuadoraldia.com.ec\/index.php?rest_route=%2Fwp%2Fv2%2Fcategories&post=2313"},{"taxonomy":"post_tag","embeddable":true,"href":"https:\/\/www.ecuadoraldia.com.ec\/index.php?rest_route=%2Fwp%2Fv2%2Ftags&post=2313"}],"curies":[{"name":"wp","href":"https:\/\/api.w.org\/{rel}","templated":true}]}}