{"id":2316,"date":"2014-05-14T13:59:17","date_gmt":"2014-05-14T13:59:17","guid":{"rendered":"http:\/\/www.ecuadoraldia.com.ec\/?p=2316"},"modified":"2014-05-14T13:59:17","modified_gmt":"2014-05-14T13:59:17","slug":"zonificacion-de-distritos-disminuye-tiempo-de-reaccion-policial","status":"publish","type":"post","link":"https:\/\/www.ecuadoraldia.com.ec\/?p=2316","title":{"rendered":"Zonificaci\u00f3n de distritos disminuye tiempo de reacci\u00f3n policial"},"content":{"rendered":"<p><a href=\"http:\/\/www.ecuadoraldia.com.ec\/wp-content\/uploads\/2014\/05\/zonificacion.jpg\"><img loading=\"lazy\" decoding=\"async\" class=\"alignleft size-medium wp-image-2317\" alt=\"zonificacion\" src=\"http:\/\/www.ecuadoraldia.com.ec\/wp-content\/uploads\/2014\/05\/zonificacion-300x221.jpg\" width=\"300\" height=\"221\" srcset=\"https:\/\/www.ecuadoraldia.com.ec\/wp-content\/uploads\/2014\/05\/zonificacion-300x221.jpg 300w, https:\/\/www.ecuadoraldia.com.ec\/wp-content\/uploads\/2014\/05\/zonificacion.jpg 452w\" sizes=\"(max-width: 300px) 100vw, 300px\" \/><\/a>Guayaquil.- Con el prop\u00f3sito de garantizar que todos los ecuatorianos gocen de los mismos beneficios, el Gobierno Nacional ejecut\u00f3 un proceso de desconcentraci\u00f3n que redistribuy\u00f3 el territorio en distritos, circuitos y subcircuitos, permitiendo a todas las instituciones estatales servir a los ciudadanos de forma m\u00e1s eficiente y r\u00e1pida.<\/p>\n<p>La Polic\u00eda Nacional en Guayaquil labora bajo este sistema desde marzo del 2011. La ciudad fue zonificada en 12 distritos, compuestos por 67 circuitos y 277 sub circuitos, mejorando el control de la seguridad.<\/p>\n<p>El Jefe de Operaciones de la Zona 8 de Polic\u00eda, coronel Jhonny Mora, explic\u00f3 que trabajar con esta nueva modalidad en la actualidad evita desperdiciar recursos y mejorar la productividad del personal, \u201cAl personal policial se le asigna una zona espec\u00edfica de actuaci\u00f3n, haci\u00e9ndose responsables de todo lo que ocurre en dicho sector. En cada sub circuito existe agentes con patrulleros y motos obligados a prestar la ayuda que la comunidad necesite\u201d, acot\u00f3.<\/p>\n<p>Atenci\u00f3n a emergencias<\/p>\n<p>Mora relata que ahora la Polic\u00eda Nacional tiene la capacidad de acudir a un auxilio inmediato en menos de 3 minutos, gracias a este programa de desconcentraci\u00f3n. \u201cEn caso de emergencia en un punto de la ciudad, los primeros en llegar al lugar son los uniformados del sub circuito, son ellos quienes verifican el tipo de incidente y el apoyo que se requiere, as\u00ed evitamos que una ambulancia se movilice innecesariamente si no hay heridos o que asista personal de Criminal\u00edstica si no hay fuego que apagar\u201d, recalc\u00f3.<br \/>\nPara el teniente Miguel Bassante, a cargo del circuito Batall\u00f3n del Suburbio, lo m\u00e1s destacable de que existan uniformados responsables por zonas es que los habitantes de dichos lugares se familiarizan con los problemas existentes, \u201cNo s\u00f3lo eso, sino que conocen a detalle cada per\u00edmetro, lo que les deja llegar al punto del conflicto sin tener que buscar direcciones en medio de emergencias , porque se las saben de memoria, as\u00ed se ha acortado el tiempo de reacci\u00f3n\u201d.<\/p>\n<p>El teniente coronel Marco Villegas, coordinador del equipo de la Polic\u00eda que presta sus servicios en el ECU-911, reconoce que el tiempo de reacci\u00f3n en relaci\u00f3n a las emergencias disminuy\u00f3 considerablemente, \u201cDel 100% de las llamadas que ingresan al sistema integrado, el 85% son solicitudes de colaboraci\u00f3n policial, todas son procesadas porque contamos con uniformados en toda la ciudad\u00bb, enfatiz\u00f3.<\/p>\n<p>Toda la ciudad con cobertura<\/p>\n<p>El coronel Mora aclar\u00f3 que no existe sector sin protecci\u00f3n institucional \u201cDentro de las unidades de Polic\u00eda Comunitaria, nuevas y anteriores, contamos con personal responsable por cada barrio existente en Guayaquil. En las zonas donde no hay infraestructura tenemos personal a cargo en sus sub circuitos realizando patrullajes constantes, lo que nos deja reaccionar en minutos por m\u00e1s distante que sea el lugar donde nos piden ayuda\u201d, destac\u00f3.<\/p>\n<p>Mora inform\u00f3 que si bien la mayor\u00eda de solicitudes de cooperaci\u00f3n policial las conocen a trav\u00e9s de las llamadas realizadas al ECU-911 o por la activaci\u00f3n del bot\u00f3n de seguridad \u201cel nexo que se crea con la socializaci\u00f3n entre los polic\u00edas y los habitantes de los sub circuitos ha logrado que los protegidos cuenten con los n\u00fameros de celulares dados a las patrullas de sus protectores, derivando que en caso de emergencia ellos llamen directamente a dichos m\u00f3viles lo que agilita el proceso y reduce el tiempo de llegada de los oficiales\u201d finaliz\u00f3. \/Redacci\u00f3n Guayas.<\/p>\n","protected":false},"excerpt":{"rendered":"<p>Guayaquil.- Con el prop\u00f3sito de garantizar que todos los ecuatorianos gocen de los mismos beneficios, el Gobierno Nacional ejecut\u00f3 un<\/p>\n","protected":false},"author":1,"featured_media":0,"comment_status":"open","ping_status":"open","sticky":false,"template":"","format":"standard","meta":{"footnotes":""},"categories":[11],"tags":[],"_links":{"self":[{"href":"https:\/\/www.ecuadoraldia.com.ec\/index.php?rest_route=\/wp\/v2\/posts\/2316"}],"collection":[{"href":"https:\/\/www.ecuadoraldia.com.ec\/index.php?rest_route=\/wp\/v2\/posts"}],"about":[{"href":"https:\/\/www.ecuadoraldia.com.ec\/index.php?rest_route=\/wp\/v2\/types\/post"}],"author":[{"embeddable":true,"href":"https:\/\/www.ecuadoraldia.com.ec\/index.php?rest_route=\/wp\/v2\/users\/1"}],"replies":[{"embeddable":true,"href":"https:\/\/www.ecuadoraldia.com.ec\/index.php?rest_route=%2Fwp%2Fv2%2Fcomments&post=2316"}],"version-history":[{"count":1,"href":"https:\/\/www.ecuadoraldia.com.ec\/index.php?rest_route=\/wp\/v2\/posts\/2316\/revisions"}],"predecessor-version":[{"id":2318,"href":"https:\/\/www.ecuadoraldia.com.ec\/index.php?rest_route=\/wp\/v2\/posts\/2316\/revisions\/2318"}],"wp:attachment":[{"href":"https:\/\/www.ecuadoraldia.com.ec\/index.php?rest_route=%2Fwp%2Fv2%2Fmedia&parent=2316"}],"wp:term":[{"taxonomy":"category","embeddable":true,"href":"https:\/\/www.ecuadoraldia.com.ec\/index.php?rest_route=%2Fwp%2Fv2%2Fcategories&post=2316"},{"taxonomy":"post_tag","embeddable":true,"href":"https:\/\/www.ecuadoraldia.com.ec\/index.php?rest_route=%2Fwp%2Fv2%2Ftags&post=2316"}],"curies":[{"name":"wp","href":"https:\/\/api.w.org\/{rel}","templated":true}]}}