{"id":2319,"date":"2014-05-14T14:02:08","date_gmt":"2014-05-14T14:02:08","guid":{"rendered":"http:\/\/www.ecuadoraldia.com.ec\/?p=2319"},"modified":"2014-05-14T14:02:08","modified_gmt":"2014-05-14T14:02:08","slug":"el-jueves-el-pleno-resolvera-sobre-reformatorias-a-ley-de-seguridad-publica","status":"publish","type":"post","link":"https:\/\/www.ecuadoraldia.com.ec\/?p=2319","title":{"rendered":"El jueves el Pleno resolver\u00e1 sobre reformatorias a Ley de Seguridad P\u00fablica"},"content":{"rendered":"<p><a href=\"http:\/\/www.ecuadoraldia.com.ec\/wp-content\/uploads\/2014\/05\/pleno-asamblea.jpg\"><img loading=\"lazy\" decoding=\"async\" class=\"alignleft size-medium wp-image-2320\" alt=\"pleno-asamblea\" src=\"http:\/\/www.ecuadoraldia.com.ec\/wp-content\/uploads\/2014\/05\/pleno-asamblea-300x199.jpg\" width=\"300\" height=\"199\" srcset=\"https:\/\/www.ecuadoraldia.com.ec\/wp-content\/uploads\/2014\/05\/pleno-asamblea-300x199.jpg 300w, https:\/\/www.ecuadoraldia.com.ec\/wp-content\/uploads\/2014\/05\/pleno-asamblea.jpg 340w\" sizes=\"(max-width: 300px) 100vw, 300px\" \/><\/a>La presidenta de la Asamblea Nacional, Gabriela Rivadeneira, convoc\u00f3 a la continuaci\u00f3n de la sesi\u00f3n 103 del Pleno, para este jueves 15 de mayo, a partir de las 10h45, para tratar en segundo debate el proyecto de Ley Reformatoria a la Ley de Seguridad P\u00fablica y del Estado.<br \/>\nSeg\u00fan la propuesta, las Fuerzas Armadas, sin descuidar su misi\u00f3n fundamental de defensa externa, intervendr\u00e1n, por disposici\u00f3n de la Presidenta o el Presidente de la Rep\u00fablica en la protecci\u00f3n interna, el mantenimiento y control del orden p\u00fablico y seguridad ciudadana, cuando por circunstancias de evidente necesidad, o de inminente alteraci\u00f3n del orden p\u00fablico, se haga indispensable su contingente. Para tal prop\u00f3sito el Presidente o Presidenta de la Rep\u00fablica requerir\u00e1 de la asesor\u00eda y recomendaci\u00f3n del Consejo de Seguridad P\u00fablica y del Estado.<br \/>\nEn el informe preparado por la Comisi\u00f3n de Relaciones Internacionales se argumenta que es deber del Estado y sus \u00f3rganos del sistema de seguridad p\u00fablica y del Estado, establecidos para el mantenimiento del orden p\u00fablico, tomar medidas efectivas que combatan al delincuencia y prevengan la violaci\u00f3n de los derechos humanos que \u00e9sta produce, para que sus habitantes puedan vivir sin violencia.<br \/>\nAdem\u00e1s, que sin bien el empleo de las Fuerzas Armadas tiene como misi\u00f3n fundamental la defensa externa del pa\u00eds, se hace imperativo que la autoridad disponga de la prerrogativa del uso subsidiario de estas fuerzas para hacer frente a emergencias en el orden p\u00fablico.<br \/>\nReconocimiento post m\u00f3rtem<br \/>\nPrevio a esta sesi\u00f3n, es decir, a las 9:30, en la sesi\u00f3n 278 del Pleno, los parlamentarios, rendir\u00e1n homenaje al ingeniero Ra\u00fal Baca Carbo; y, al doctor Jorge Zavala Baquerizo, ex presidentes de la Funci\u00f3n Legislativa.<\/p>\n","protected":false},"excerpt":{"rendered":"<p>La presidenta de la Asamblea Nacional, Gabriela Rivadeneira, convoc\u00f3 a la continuaci\u00f3n de la sesi\u00f3n 103 del Pleno, para este<\/p>\n","protected":false},"author":1,"featured_media":0,"comment_status":"open","ping_status":"open","sticky":false,"template":"","format":"standard","meta":{"footnotes":""},"categories":[3],"tags":[],"_links":{"self":[{"href":"https:\/\/www.ecuadoraldia.com.ec\/index.php?rest_route=\/wp\/v2\/posts\/2319"}],"collection":[{"href":"https:\/\/www.ecuadoraldia.com.ec\/index.php?rest_route=\/wp\/v2\/posts"}],"about":[{"href":"https:\/\/www.ecuadoraldia.com.ec\/index.php?rest_route=\/wp\/v2\/types\/post"}],"author":[{"embeddable":true,"href":"https:\/\/www.ecuadoraldia.com.ec\/index.php?rest_route=\/wp\/v2\/users\/1"}],"replies":[{"embeddable":true,"href":"https:\/\/www.ecuadoraldia.com.ec\/index.php?rest_route=%2Fwp%2Fv2%2Fcomments&post=2319"}],"version-history":[{"count":1,"href":"https:\/\/www.ecuadoraldia.com.ec\/index.php?rest_route=\/wp\/v2\/posts\/2319\/revisions"}],"predecessor-version":[{"id":2321,"href":"https:\/\/www.ecuadoraldia.com.ec\/index.php?rest_route=\/wp\/v2\/posts\/2319\/revisions\/2321"}],"wp:attachment":[{"href":"https:\/\/www.ecuadoraldia.com.ec\/index.php?rest_route=%2Fwp%2Fv2%2Fmedia&parent=2319"}],"wp:term":[{"taxonomy":"category","embeddable":true,"href":"https:\/\/www.ecuadoraldia.com.ec\/index.php?rest_route=%2Fwp%2Fv2%2Fcategories&post=2319"},{"taxonomy":"post_tag","embeddable":true,"href":"https:\/\/www.ecuadoraldia.com.ec\/index.php?rest_route=%2Fwp%2Fv2%2Ftags&post=2319"}],"curies":[{"name":"wp","href":"https:\/\/api.w.org\/{rel}","templated":true}]}}