{"id":2322,"date":"2014-05-14T14:21:06","date_gmt":"2014-05-14T14:21:06","guid":{"rendered":"http:\/\/www.ecuadoraldia.com.ec\/?p=2322"},"modified":"2014-05-14T14:21:06","modified_gmt":"2014-05-14T14:21:06","slug":"ecuador-y-peru-presentaron-acciones-para-fomentar-las-tic-en-forntera-comun","status":"publish","type":"post","link":"https:\/\/www.ecuadoraldia.com.ec\/?p=2322","title":{"rendered":"Ecuador y Per\u00fa presentaron acciones para fomentar las tic en forntera com\u00fan"},"content":{"rendered":"<p><a href=\"http:\/\/www.ecuadoraldia.com.ec\/wp-content\/uploads\/2014\/05\/peru-ecuador.jpg\"><img loading=\"lazy\" decoding=\"async\" class=\"alignleft size-medium wp-image-2323\" alt=\"peru ecuador\" src=\"http:\/\/www.ecuadoraldia.com.ec\/wp-content\/uploads\/2014\/05\/peru-ecuador-300x285.jpg\" width=\"300\" height=\"285\" srcset=\"https:\/\/www.ecuadoraldia.com.ec\/wp-content\/uploads\/2014\/05\/peru-ecuador-300x285.jpg 300w, https:\/\/www.ecuadoraldia.com.ec\/wp-content\/uploads\/2014\/05\/peru-ecuador.jpg 317w\" sizes=\"(max-width: 300px) 100vw, 300px\" \/><\/a>En la III Reuni\u00f3n de Trabajo Binacional para temas de Comunicaciones, que se desarroll\u00f3, hoy, martes, 13 de mayo, entre autoridades del Ministerio de Telecomunicaciones y de la Sociedad de la Informaci\u00f3n, de Ecuador, y el Ministerio de Transportes y Comunicaciones, de Per\u00fa, se concretaron acciones para mejorar el servicio de telecomunicaciones, roaming internacional y proyectos que impulsan el uso de las Tecnolog\u00edas de la Informaci\u00f3n y Comunicaci\u00f3n, en la frontera com\u00fan.<\/p>\n<p>Las acciones comprenden tambi\u00e9n la implementaci\u00f3n de Infocentros Comunitarios, en el cant\u00f3n Huaquillas, para brindar capacitaci\u00f3n no solo a los ciudadanos ecuatorianos sino que los ciudadanos peruanos puedan beneficiarse de estos espacios de aprendizaje tecnol\u00f3gico, de forma gratuita.<\/p>\n<p>Adem\u00e1s, se acord\u00f3 la utilizaci\u00f3n de los Infocentros Comunitarios como centros de informaci\u00f3n tur\u00edstica entre ambos pa\u00edses; tambi\u00e9n, impulsar la creaci\u00f3n de ciudades digitales en la zona de frontera.<\/p>\n<p>Pr\u00f3ximamente, se efectuar\u00e1n nuevas inspecciones en el sector fronterizo para evitar las interferencias en las estaciones de radio y televisi\u00f3n, que est\u00e1n ubicadas en la zona lim\u00edtrofe de Ecuador y Per\u00fa.<\/p>\n<p>El evento se realiz\u00f3 en el Sal\u00f3n \u201cJos\u00e9 Peralta\u201d, del Ministerio de Relaciones Exteriores y Movilidad Humana, el que cont\u00f3 con la presencia de las delegaciones de las dos naciones, para tratar otros temas como: Uso de Frecuencias Radioel\u00e9ctricas para la Operaci\u00f3n de Estaciones de Radiodifusi\u00f3n Sonora y Televisi\u00f3n VHF y UHF en el \u00e1rea de Frontera, Intercambio Internacional de Informaci\u00f3n de Terminales M\u00f3viles Extraviados, Robados o Hurtados y Recuperados, Conectividad en la Zona Fronteriza y Experiencias en la transmisi\u00f3n de Televisi\u00f3n Digital Terrestre y aplicaci\u00f3n de sistema EWBS para alertas tempranas.<\/p>\n<p>Durante el acto inaugural, el Viceministro de Telecomunicaciones y Tecnolog\u00edas de la Informaci\u00f3n y Comunicaci\u00f3n, Ing. \u00c1lvaro Armijos, destac\u00f3 que: \u201cSiempre es grato participar en encuentros como este, donde las autoridades de dos pueblos hermanos buscamos dar seguimiento al trabajo ejecutado y el que debemos ejecutar para atender a nuestras sociedades con servicios de calidad\u201d.<\/p>\n<p>Por su parte, el Econ. Ra\u00fal P\u00e9rez Reyes, Viceministro de Comunicaciones, del Ministerio de Transporte y Comunicaciones de Per\u00fa, manifest\u00f3 que \u201ces necesario fortalecer los compromisos asumidos por los Ministerios de Per\u00fa y Ecuador en materia de telecomunicaciones, para la soluci\u00f3n de problemas en interferencias de las estaciones de radio y todo aquello que pueda generar un impacto positivo en la ciudadan\u00eda, a nivel regional\u201d.<\/p>\n<p>Los Ministerios rectores de Telecomunicaciones, tanto de Ecuador como de Per\u00fa, formulan nuevos escenarios para subsanar los inconvenientes que existen en el campo de las Tecnolog\u00edas de la Informaci\u00f3n y Comunicaci\u00f3n.<\/p>\n<p>Las propuestas a cumplirse en cooperaci\u00f3n e integraci\u00f3n se estipulan en la firma del Acta de Reuni\u00f3n y Coordinaci\u00f3n, para su posterior revisi\u00f3n en la IV Reuni\u00f3n de Trabajo, a desarrollarse en Lima, Per\u00fa, el 13 de octubre de 2014.<\/p>\n<p>El Gobierno de la Revoluci\u00f3n Ciudadana, a trav\u00e9s del Ministerio de Telecomunicaciones y de la Sociedad de la Informaci\u00f3n, consolida sus pol\u00edticas internacionales para buscar el progreso de las telecomunicaciones en el Ecuador y en la Regi\u00f3n.<\/p>\n","protected":false},"excerpt":{"rendered":"<p>En la III Reuni\u00f3n de Trabajo Binacional para temas de Comunicaciones, que se desarroll\u00f3, hoy, martes, 13 de mayo, entre<\/p>\n","protected":false},"author":1,"featured_media":0,"comment_status":"open","ping_status":"open","sticky":false,"template":"","format":"standard","meta":{"footnotes":""},"categories":[1],"tags":[],"_links":{"self":[{"href":"https:\/\/www.ecuadoraldia.com.ec\/index.php?rest_route=\/wp\/v2\/posts\/2322"}],"collection":[{"href":"https:\/\/www.ecuadoraldia.com.ec\/index.php?rest_route=\/wp\/v2\/posts"}],"about":[{"href":"https:\/\/www.ecuadoraldia.com.ec\/index.php?rest_route=\/wp\/v2\/types\/post"}],"author":[{"embeddable":true,"href":"https:\/\/www.ecuadoraldia.com.ec\/index.php?rest_route=\/wp\/v2\/users\/1"}],"replies":[{"embeddable":true,"href":"https:\/\/www.ecuadoraldia.com.ec\/index.php?rest_route=%2Fwp%2Fv2%2Fcomments&post=2322"}],"version-history":[{"count":1,"href":"https:\/\/www.ecuadoraldia.com.ec\/index.php?rest_route=\/wp\/v2\/posts\/2322\/revisions"}],"predecessor-version":[{"id":2324,"href":"https:\/\/www.ecuadoraldia.com.ec\/index.php?rest_route=\/wp\/v2\/posts\/2322\/revisions\/2324"}],"wp:attachment":[{"href":"https:\/\/www.ecuadoraldia.com.ec\/index.php?rest_route=%2Fwp%2Fv2%2Fmedia&parent=2322"}],"wp:term":[{"taxonomy":"category","embeddable":true,"href":"https:\/\/www.ecuadoraldia.com.ec\/index.php?rest_route=%2Fwp%2Fv2%2Fcategories&post=2322"},{"taxonomy":"post_tag","embeddable":true,"href":"https:\/\/www.ecuadoraldia.com.ec\/index.php?rest_route=%2Fwp%2Fv2%2Ftags&post=2322"}],"curies":[{"name":"wp","href":"https:\/\/api.w.org\/{rel}","templated":true}]}}