{"id":2325,"date":"2014-05-14T14:25:30","date_gmt":"2014-05-14T14:25:30","guid":{"rendered":"http:\/\/www.ecuadoraldia.com.ec\/?p=2325"},"modified":"2014-05-14T14:25:30","modified_gmt":"2014-05-14T14:25:30","slug":"conferencia-de-presidente-correa-en-cepal-motiva-eventos-academicos-en-universidades-espe-y-sek","status":"publish","type":"post","link":"https:\/\/www.ecuadoraldia.com.ec\/?p=2325","title":{"rendered":"Conferencia de Presidente Correa en CEPAL motiva eventos acad\u00e9micos en universidades Espe y Sek"},"content":{"rendered":"<p><a href=\"http:\/\/www.ecuadoraldia.com.ec\/wp-content\/uploads\/2014\/05\/HO-CAUSA-.jpg\"><img loading=\"lazy\" decoding=\"async\" class=\"alignleft size-full wp-image-2326\" alt=\"Print\" src=\"http:\/\/www.ecuadoraldia.com.ec\/wp-content\/uploads\/2014\/05\/HO-CAUSA-.jpg\" width=\"294\" height=\"225\" \/><\/a>La conferencia magistral que dictar\u00e1 el Presidente de la Rep\u00fablica, Rafael Correa, este mi\u00e9rcoles 14 de mayo en la sede de la Comisi\u00f3n Econ\u00f3mica para Am\u00e9rica Latina y el Caribe (CEPAL), en Santiago de Chile, motivar\u00e1 la realizaci\u00f3n simult\u00e1nea de dos eventos acad\u00e9micos en la Universidad Internacional SEK y en la Universidad Escuela Polit\u00e9cnica del Ej\u00e9rcito (ESPE), respectivamente.<\/p>\n<p>La charla denominada: \u201cLa Revoluci\u00f3n Ciudadana, logros del proceso pol\u00edtico, econ\u00f3mico y social del Ecuador\u201d, que ser\u00e1 impartida por el Jefe de Estado en la CEPAL se retransmitir\u00e1 en vivo por internet, v\u00eda streaming, en pantallas colocadas en las sedes de estudios superiores a partir de las 15h30 PM (hora de Ecuador).<\/p>\n<p>Una vez culmine la intervenci\u00f3n del Jefe de Estado en Chile, comenzar\u00e1n los eventos acad\u00e9micos con el intercambio de criterios respecto a la situaci\u00f3n del Ecuador y los puntos de vista ofrecidos por el Presidente de la Rep\u00fablica durante su conferencia. En las universidades ESPE y SEK intervendr\u00e1n como invitados especiales los catedr\u00e1ticos Oscar Montero, Juan Paz y Mi\u00f1o y M\u00f3nica Mancero, adem\u00e1s de profesores y decanos de las diferentes facultades.<\/p>\n<p>La CEPAL es una de las cinco comisiones regionales de las Naciones Unidas y su sede est\u00e1 en Santiago de Chile. Se fund\u00f3 para contribuir al desarrollo econ\u00f3mico de Am\u00e9rica Latina, coordinar las acciones encaminadas a su promoci\u00f3n y reforzar las relaciones econ\u00f3micas de los pa\u00edses entre s\u00ed y con las dem\u00e1s naciones del mundo. Posteriormente, su labor se ampli\u00f3 a los pa\u00edses del Caribe y se incorpor\u00f3 el objetivo de promover el desarrollo social.<\/p>\n<p>El 13 al 14 de mayo, el Presidente de la Rep\u00fablica cumple una importante agenda en Chile, en la cual recibir\u00e1 un doctorado Honoris Causa por parte de la Universidad Santiago de Chile (UNACH). Esta ceremonia de investidura se realizar\u00e1 en el Aula Magna de este centro de estudios superiores, el mi\u00e9rcoles 14 de mayo a las 11h20 (10h20 &#8211; Ecuador).<\/p>\n","protected":false},"excerpt":{"rendered":"<p>La conferencia magistral que dictar\u00e1 el Presidente de la Rep\u00fablica, Rafael Correa, este mi\u00e9rcoles 14 de mayo en la sede<\/p>\n","protected":false},"author":1,"featured_media":0,"comment_status":"open","ping_status":"open","sticky":false,"template":"","format":"standard","meta":{"footnotes":""},"categories":[7],"tags":[],"_links":{"self":[{"href":"https:\/\/www.ecuadoraldia.com.ec\/index.php?rest_route=\/wp\/v2\/posts\/2325"}],"collection":[{"href":"https:\/\/www.ecuadoraldia.com.ec\/index.php?rest_route=\/wp\/v2\/posts"}],"about":[{"href":"https:\/\/www.ecuadoraldia.com.ec\/index.php?rest_route=\/wp\/v2\/types\/post"}],"author":[{"embeddable":true,"href":"https:\/\/www.ecuadoraldia.com.ec\/index.php?rest_route=\/wp\/v2\/users\/1"}],"replies":[{"embeddable":true,"href":"https:\/\/www.ecuadoraldia.com.ec\/index.php?rest_route=%2Fwp%2Fv2%2Fcomments&post=2325"}],"version-history":[{"count":1,"href":"https:\/\/www.ecuadoraldia.com.ec\/index.php?rest_route=\/wp\/v2\/posts\/2325\/revisions"}],"predecessor-version":[{"id":2327,"href":"https:\/\/www.ecuadoraldia.com.ec\/index.php?rest_route=\/wp\/v2\/posts\/2325\/revisions\/2327"}],"wp:attachment":[{"href":"https:\/\/www.ecuadoraldia.com.ec\/index.php?rest_route=%2Fwp%2Fv2%2Fmedia&parent=2325"}],"wp:term":[{"taxonomy":"category","embeddable":true,"href":"https:\/\/www.ecuadoraldia.com.ec\/index.php?rest_route=%2Fwp%2Fv2%2Fcategories&post=2325"},{"taxonomy":"post_tag","embeddable":true,"href":"https:\/\/www.ecuadoraldia.com.ec\/index.php?rest_route=%2Fwp%2Fv2%2Ftags&post=2325"}],"curies":[{"name":"wp","href":"https:\/\/api.w.org\/{rel}","templated":true}]}}