{"id":2328,"date":"2014-05-14T14:49:24","date_gmt":"2014-05-14T14:49:24","guid":{"rendered":"http:\/\/www.ecuadoraldia.com.ec\/?p=2328"},"modified":"2014-05-14T14:49:24","modified_gmt":"2014-05-14T14:49:24","slug":"ecuador-fortalece-nexos-con-chile-en-hidrocarburos-mineria-y-electricidad","status":"publish","type":"post","link":"https:\/\/www.ecuadoraldia.com.ec\/?p=2328","title":{"rendered":"Ecuador fortalece nexos con Chile en  hidrocarburos, miner\u00eda y electricidad"},"content":{"rendered":"<p><a href=\"http:\/\/www.ecuadoraldia.com.ec\/wp-content\/uploads\/2014\/05\/mfer-espi.jpg\"><img loading=\"lazy\" decoding=\"async\" class=\"alignleft size-medium wp-image-2329\" alt=\"mfer espi\" src=\"http:\/\/www.ecuadoraldia.com.ec\/wp-content\/uploads\/2014\/05\/mfer-espi-300x225.jpg\" width=\"300\" height=\"225\" srcset=\"https:\/\/www.ecuadoraldia.com.ec\/wp-content\/uploads\/2014\/05\/mfer-espi-300x225.jpg 300w, https:\/\/www.ecuadoraldia.com.ec\/wp-content\/uploads\/2014\/05\/mfer-espi.jpg 320w\" sizes=\"(max-width: 300px) 100vw, 300px\" \/><\/a>El ministro Coordinador de Sectores Estrat\u00e9gicos, Rafael Poveda Bonilla, dentro de las actividades que cumple como parte de la delegaci\u00f3n que acompa\u00f1a al Presidente de la Rep\u00fablica, Rafael Correa, en su visita a Chile, mantuvo reuniones con la ministra de Miner\u00eda, Aurora Williams.<\/p>\n<p>En esta cita se analizaron los documentos que, con anterioridad fueron suscritos por el ministerio Coordinador de los Sectores Estrat\u00e9gicos, el ministerio de Recursos Naturales No Renovables, la Corporaci\u00f3n Nacional del Cobre (CODELCO) y la Empresa Nacional Minera (ENAMI) de Ecuador.<\/p>\n<p>El objetivo es que la chilena CODELCO participe en actividades mineras de prospecci\u00f3n y exploraci\u00f3n b\u00e1sica en las \u00e1reas concesionadas a ENAMI.<\/p>\n<p>De otro lado, en la reuni\u00f3n que Rafael Poveda mantuvo con el ministro de Energ\u00eda chileno, M\u00e1ximo Pacheco, se produjeron di\u00e1logos en torno a la situaci\u00f3n de la Empresa Nacional de Petr\u00f3leos (ENAP), cuya producci\u00f3n es de 13.000 barriles de crudo al d\u00eda.<\/p>\n<p>La chilena ENAP desarrolla actividades hidrocarbur\u00edferas el pa\u00eds desde el 2003, con la extracci\u00f3n de 57 millones de barriles de crudo. La empresa chilena se constituye en el tercer productor privado de crudo en territorio ecuatoriano.<\/p>\n<p>La venta de electricidad a Chile es uno de los temas de alto inter\u00e9s que se manejan a lo largo de esta agenda binacional. Ambos pa\u00edses buscan identificar interconexiones y la conformaci\u00f3n de un Corredor El\u00e9ctrico Andino, que incluye a Per\u00fa como pa\u00eds de tr\u00e1nsito.<\/p>\n<p>Ecuador contar\u00eda con una capacidad de por lo menos 500.000 voltios, gracias a la producci\u00f3n que logra de momento y la interconexi\u00f3n que mantiene con Colombia. La posible suscripci\u00f3n de este acuerdo de venta de energ\u00eda para Chile, le permitir\u00e1 al Ecuador abrir un gran mercado para sus excedentes de energ\u00eda, una vez que los grandes proyectos hidroel\u00e9ctricos est\u00e9n en plena operaci\u00f3n.<\/p>\n<p>Cabe se\u00f1alar que para este proyecto, se tiene como antecedente un acuerdo previo, que fue suscrito por ministros del ramo de cada pa\u00eds, con ocasi\u00f3n del Encuentro Presidencial que se cumpli\u00f3 en Piura, en noviembre de 2013.<\/p>\n","protected":false},"excerpt":{"rendered":"<p>El ministro Coordinador de Sectores Estrat\u00e9gicos, Rafael Poveda Bonilla, dentro de las actividades que cumple como parte de la delegaci\u00f3n<\/p>\n","protected":false},"author":1,"featured_media":0,"comment_status":"open","ping_status":"open","sticky":false,"template":"","format":"standard","meta":{"footnotes":""},"categories":[7],"tags":[],"_links":{"self":[{"href":"https:\/\/www.ecuadoraldia.com.ec\/index.php?rest_route=\/wp\/v2\/posts\/2328"}],"collection":[{"href":"https:\/\/www.ecuadoraldia.com.ec\/index.php?rest_route=\/wp\/v2\/posts"}],"about":[{"href":"https:\/\/www.ecuadoraldia.com.ec\/index.php?rest_route=\/wp\/v2\/types\/post"}],"author":[{"embeddable":true,"href":"https:\/\/www.ecuadoraldia.com.ec\/index.php?rest_route=\/wp\/v2\/users\/1"}],"replies":[{"embeddable":true,"href":"https:\/\/www.ecuadoraldia.com.ec\/index.php?rest_route=%2Fwp%2Fv2%2Fcomments&post=2328"}],"version-history":[{"count":1,"href":"https:\/\/www.ecuadoraldia.com.ec\/index.php?rest_route=\/wp\/v2\/posts\/2328\/revisions"}],"predecessor-version":[{"id":2330,"href":"https:\/\/www.ecuadoraldia.com.ec\/index.php?rest_route=\/wp\/v2\/posts\/2328\/revisions\/2330"}],"wp:attachment":[{"href":"https:\/\/www.ecuadoraldia.com.ec\/index.php?rest_route=%2Fwp%2Fv2%2Fmedia&parent=2328"}],"wp:term":[{"taxonomy":"category","embeddable":true,"href":"https:\/\/www.ecuadoraldia.com.ec\/index.php?rest_route=%2Fwp%2Fv2%2Fcategories&post=2328"},{"taxonomy":"post_tag","embeddable":true,"href":"https:\/\/www.ecuadoraldia.com.ec\/index.php?rest_route=%2Fwp%2Fv2%2Ftags&post=2328"}],"curies":[{"name":"wp","href":"https:\/\/api.w.org\/{rel}","templated":true}]}}