{"id":2331,"date":"2014-05-14T14:50:13","date_gmt":"2014-05-14T14:50:13","guid":{"rendered":"http:\/\/www.ecuadoraldia.com.ec\/?p=2331"},"modified":"2014-05-14T14:50:13","modified_gmt":"2014-05-14T14:50:13","slug":"rodas-se-convierte-hoy-en-el-22-alcalde-quiteno","status":"publish","type":"post","link":"https:\/\/www.ecuadoraldia.com.ec\/?p=2331","title":{"rendered":"Rodas se convierte hoy en el 22\u00b0 alcalde quite\u00f1o"},"content":{"rendered":"<p><a href=\"http:\/\/www.ecuadoraldia.com.ec\/wp-content\/uploads\/2014\/05\/mrodas.jpg\"><img loading=\"lazy\" decoding=\"async\" class=\"alignleft size-medium wp-image-2332\" alt=\"mrodas\" src=\"http:\/\/www.ecuadoraldia.com.ec\/wp-content\/uploads\/2014\/05\/mrodas-260x300.jpg\" width=\"260\" height=\"300\" srcset=\"https:\/\/www.ecuadoraldia.com.ec\/wp-content\/uploads\/2014\/05\/mrodas-260x300.jpg 260w, https:\/\/www.ecuadoraldia.com.ec\/wp-content\/uploads\/2014\/05\/mrodas.jpg 320w\" sizes=\"(max-width: 260px) 100vw, 260px\" \/><\/a>Rodas se converte hoy en el sexto alcalde metropolitano, designaci\u00f3n instaurada en 1992, tras el reconocimiento de Quito como Distrito Metropolitano.<\/p>\n<p>Tras los primeros escarceos infantiles con la oratoria pol\u00edtica, el nuevo titular del Concejo dej\u00f3 descansar esa disciplina un buen tiempo. En el intermedio, su biograf\u00eda oficial se\u00f1ala que pas\u00f3 por las aulas del Colegio Intisana, la Unidad Educativa Tom\u00e1s Moro, la Universidad Cat\u00f3lica de Quito y su similar de Pensilvania.<\/p>\n<p>En la primera de las instituciones de educaci\u00f3n superior obtuvo el t\u00edtulo de Doctor en Jurisprudencia y en el plantel estadounidense logr\u00f3 dos maestr\u00edas: una en Administraci\u00f3n de Gobierno, gracias a una beca de la Comisi\u00f3n Fullbright, organismo adscrito a la embajada del pa\u00eds norteamericano; y otra en Ciencias Pol\u00edticas, a trav\u00e9s de una beca PRA, que concede la Organizaci\u00f3n de Estados Americanos (OEA).<\/p>\n<p>El reencuentro de la autoridad capitalina con la pol\u00edtica se produjo en 2012, tras provocar un reclamo del presidente Rafael Correa luego de que la fundaci\u00f3n Ethos, con sede en M\u00e9xico y de la cual Rodas era miembro, hiciera p\u00fablico un \u00cdndice de Pobreza el a\u00f1o previo. El documento colocaba a Ecuador como el tercer pa\u00eds con mayores carencias de Sudam\u00e9rica.<\/p>\n<p>La lista hab\u00eda sido confeccionada con datos desactualizados (de 2006), lo que fue reconocido posteriormente por el desde hoy primer personero quite\u00f1o.<\/p>\n<p>Al cabo de este incidente, Mauricio Rodas emprende la organizaci\u00f3n de la agrupaci\u00f3n pol\u00edtica Sociedad Unida M\u00e1s Acci\u00f3n (Suma), la cual no fue reconocida, en principio, por el Consejo Nacional Electoral (CNE). Pero tras una apelaci\u00f3n presentada ante el Tribunal Contencioso Electoral, el ganador de las elecciones seccionales del 23 de febrero pasado obtuvo el reconocimiento de su movimiento.<\/p>\n<p>Con ello, Suma impuls\u00f3 la candidatura del alcalde quite\u00f1o hasta 2019 a la Presidencia de la Rep\u00fablica. Al final, obtuvo el cuarto lugar (entre 8 aspirantes) con el 3,90% de los votos v\u00e1lidos.<\/p>\n<p>Es padre de 3 hijos; una de ellos (Andrea Rodas M.), concebida en una relaci\u00f3n a los 18 a\u00f1os, estudia actualmente Ciencias Pol\u00edticas en Carolina del Norte. Los otros 2, menores de edad, son fruto de su matrimonio con la venezolana Mar\u00eda Fernanda Pacheco.<\/p>\n<p>Miembros de su equipo<\/p>\n<p>\u00b0 Secretar\u00eda de Planificaci\u00f3n: Jos\u00e9 Ord\u00f3\u00f1ez<br \/>\n\u00b0 Secretar\u00eda de Seguridad y Gobernabili-<br \/>\ndad: Juan Zapata<br \/>\n\u00b0 Secretar\u00eda de Salud: Mar\u00eda Isabel Rold\u00f3s<br \/>\n\u00b0 Secretar\u00eda de Educaci\u00f3n, Recreaci\u00f3n y<br \/>\nDeporte: Juan Pablo Bustamante<br \/>\n\u00b0 Secretar\u00eda de Cultura: Mariana Andrade<br \/>\n\u00b0 Secretar\u00eda de Territorio: Jos\u00e9 Lu\u00eds Guevara<br \/>\n\u00b0 Secretar\u00eda de Movilidad: Jean Paul Armijos<br \/>\n\u00b0 Secretar\u00eda de Ambiente: Ver\u00f3nica Arias<br \/>\n\u00b0 Secretar\u00eda de Desarrollo Productivo:<br \/>\nJuan Carlos Holgu\u00edn<br \/>\n\u00b0 Secretar\u00eda de Comunicaci\u00f3n: Rodrigo<br \/>\nJord\u00e1n<\/p>\n","protected":false},"excerpt":{"rendered":"<p>Rodas se converte hoy en el sexto alcalde metropolitano, designaci\u00f3n instaurada en 1992, tras el reconocimiento de Quito como Distrito<\/p>\n","protected":false},"author":1,"featured_media":0,"comment_status":"open","ping_status":"open","sticky":false,"template":"","format":"standard","meta":{"footnotes":""},"categories":[1],"tags":[],"_links":{"self":[{"href":"https:\/\/www.ecuadoraldia.com.ec\/index.php?rest_route=\/wp\/v2\/posts\/2331"}],"collection":[{"href":"https:\/\/www.ecuadoraldia.com.ec\/index.php?rest_route=\/wp\/v2\/posts"}],"about":[{"href":"https:\/\/www.ecuadoraldia.com.ec\/index.php?rest_route=\/wp\/v2\/types\/post"}],"author":[{"embeddable":true,"href":"https:\/\/www.ecuadoraldia.com.ec\/index.php?rest_route=\/wp\/v2\/users\/1"}],"replies":[{"embeddable":true,"href":"https:\/\/www.ecuadoraldia.com.ec\/index.php?rest_route=%2Fwp%2Fv2%2Fcomments&post=2331"}],"version-history":[{"count":1,"href":"https:\/\/www.ecuadoraldia.com.ec\/index.php?rest_route=\/wp\/v2\/posts\/2331\/revisions"}],"predecessor-version":[{"id":2333,"href":"https:\/\/www.ecuadoraldia.com.ec\/index.php?rest_route=\/wp\/v2\/posts\/2331\/revisions\/2333"}],"wp:attachment":[{"href":"https:\/\/www.ecuadoraldia.com.ec\/index.php?rest_route=%2Fwp%2Fv2%2Fmedia&parent=2331"}],"wp:term":[{"taxonomy":"category","embeddable":true,"href":"https:\/\/www.ecuadoraldia.com.ec\/index.php?rest_route=%2Fwp%2Fv2%2Fcategories&post=2331"},{"taxonomy":"post_tag","embeddable":true,"href":"https:\/\/www.ecuadoraldia.com.ec\/index.php?rest_route=%2Fwp%2Fv2%2Ftags&post=2331"}],"curies":[{"name":"wp","href":"https:\/\/api.w.org\/{rel}","templated":true}]}}