{"id":2334,"date":"2014-05-14T14:53:04","date_gmt":"2014-05-14T14:53:04","guid":{"rendered":"http:\/\/www.ecuadoraldia.com.ec\/?p=2334"},"modified":"2014-05-14T14:53:04","modified_gmt":"2014-05-14T14:53:04","slug":"experiencia-ecuatoriana-en-educacion-atrae-a-chile","status":"publish","type":"post","link":"https:\/\/www.ecuadoraldia.com.ec\/?p=2334","title":{"rendered":"Experiencia ecuatoriana en educaci\u00f3n atrae a Chile"},"content":{"rendered":"<p><a href=\"http:\/\/www.ecuadoraldia.com.ec\/wp-content\/uploads\/2014\/05\/Chile-1_educa.jpg\"><img loading=\"lazy\" decoding=\"async\" class=\"alignleft size-medium wp-image-2335\" alt=\"Chile-1_educa\" src=\"http:\/\/www.ecuadoraldia.com.ec\/wp-content\/uploads\/2014\/05\/Chile-1_educa-300x258.jpg\" width=\"300\" height=\"258\" srcset=\"https:\/\/www.ecuadoraldia.com.ec\/wp-content\/uploads\/2014\/05\/Chile-1_educa-300x258.jpg 300w, https:\/\/www.ecuadoraldia.com.ec\/wp-content\/uploads\/2014\/05\/Chile-1_educa.jpg 307w\" sizes=\"(max-width: 300px) 100vw, 300px\" \/><\/a>El 11 de marzo pasado, cuando Michelle Bachelet asumi\u00f3 su segundo per\u00edodo en la Presidencia de Chile, sostuvo un breve di\u00e1logo con su hom\u00f3logo ecuatoriano Rafael Correa. En esa conversaci\u00f3n ambos prometieron profundizar en el futuro la relaci\u00f3n bilateral.<\/p>\n<p>Aquella promesa se concret\u00f3 ayer, en Santiago, cuando la mandataria chilena recibi\u00f3 a Correa en La Moneda. Para Bachelet ser\u00e1 una semana \u201cinternacional\u201d, ya que el lunes viaj\u00f3 a Buenos Aires, donde sostuvo un encuentro con Cristina Fern\u00e1ndez para profundizar la relaci\u00f3n bilateral con Argentina.<\/p>\n<p>Pero Bachelet no solo mira a Argentina como un socio clave, sino tambi\u00e9n al resto de los pa\u00edses de Am\u00e9rica Latina, donde Ecuador ocupa un lugar cada vez m\u00e1s importante para Chile.<\/p>\n<p>De hecho, el \u2018establishment\u2019 (sistema) chileno est\u00e1 interesado en conocer en profundidad y de primera mano la reforma educativa que lleva adelante Correa. No por nada, la visita de Correa a Santiago ha sido destacada por los principales medios chilenos y estuvo antecedida por la del ministro coordinador de Talento Humano, Guillaume Long.<\/p>\n<p>La visita del Jefe de Estado ecuatoriano ser\u00e1 la primera de car\u00e1cter oficial de un presidente extranjero a Chile en este segundo mandato de Bachelet. El encuentro se efectu\u00f3 en el Sal\u00f3n Azul del palacio de gobierno. Luego, ambos encabezaron una reuni\u00f3n de ministros de Estado, en la Sala del Consejo de Gabinete para evaluar diversos temas bilaterales.<\/p>\n<p>Tras esa reuni\u00f3n, Correa encabez\u00f3 un coctel en el Sal\u00f3n Rojo y luego la presidenta chilena ofreci\u00f3 una cena en su honor en el Patio de las Camelias, a las 20:00.<\/p>\n<p>Para hoy mi\u00e9rcoles, est\u00e1 previsto que, en horas de la ma\u00f1ana, Correa diserte ante la Comisi\u00f3n Econ\u00f3mica para Am\u00e9rica Latina (CEPAL), conferencia auspiciada por la Fundaci\u00f3n Salvador Allende.<\/p>\n<p>Tambi\u00e9n en la Universidad de Santiago (Usach), una de las m\u00e1s prestigiosas del pa\u00eds, ser\u00e1 nombrado doctor honoris causa.<\/p>\n<p>La semana pasada, el director de protocolo de esa instituci\u00f3n, Marco Barraza, explic\u00f3 que el Presidente ecuatoriano ser\u00e1 distinguido por la \u201cprofunda reforma educacional que se ha llevado a cabo y promovido en su pa\u00eds\u201d.<\/p>\n<p>En Chile, el debate sobre los cambios que se necesitan en este sector est\u00e1 en el tope de la agenda, al igual que la reforma tributaria.<\/p>\n<p>Durante el cambio de mando en marzo, el propio Rafael Correa se tom\u00f3 un tiempo en Valpara\u00edso, a la salida de la ceremonia, para dialogar con Camila Vallejo, la famosa exdirigenta universitaria que ese d\u00eda asumi\u00f3 como diputada y llev\u00f3 a su hijo reci\u00e9n nacido a la cita en el Legislativo.<\/p>\n<p>En aquella ocasi\u00f3n, la ceremonia de investidura estuvo marcada por la crisis en Venezuela. Si bien Correa se refiri\u00f3 a la situaci\u00f3n en aquel pa\u00eds, tambi\u00e9n pidi\u00f3 apoyo para Bachelet porque \u201csu elecci\u00f3n es una alegr\u00eda para toda Am\u00e9rica Latina, no solo para Chile\u201d.<\/p>\n<p>En su visita, Guillaume Long tambi\u00e9n se reuni\u00f3 con Vallejo y otros diputados.<\/p>\n<p>Hizo lo propio con las autoridades de educaci\u00f3n de Chile a quienes explic\u00f3 la experiencia ecuatoriana en las universidades.<\/p>\n<p>Como parte de ese proceso, Ecuador remarca la evaluaci\u00f3n de las universidades, el cierre de 14 centros por no haber logrado el puntaje m\u00ednimo y la creaci\u00f3n de otras 4:Yachay, Ikiam, Uniartes y Unae.<\/p>\n<p>Integraci\u00f3n con Argentina<\/p>\n<p>Las presidentas de Chile, Michelle Bachelet, y de Argentina, Cristina Kirchner, dieron nuevo impulso, en Buenos Aires, a un ambicioso plan de obras de caminer\u00eda y ferroviarias en la fronteriza cordillera de Los Andes, que fomentar\u00e1 el comercio bilateral y los v\u00ednculos entre Sudam\u00e9rica y Asia.<\/p>\n<p>Bachelet y Kirchner firmaron sonrientes, en el Sal\u00f3n de las Mujeres de la Casa Rosada, una bater\u00eda de convenios, entre ellos uno que reactiva el Tratado de Maip\u00fa, suscrito por ambas en 2009 para mejorar la uni\u00f3n f\u00edsica argentino-chilena.<\/p>\n<p>\u201cQueremos duplicar la conectividad con la Argentina y con los pa\u00edses fronterizos\u201d, dijo la presidenta chilena en su primera visita al exterior desde que asumi\u00f3 en marzo pasado la primera magistratura. Ella sucedi\u00f3 en el cargo al derechista Sebasti\u00e1n Pi\u00f1era.<\/p>\n","protected":false},"excerpt":{"rendered":"<p>El 11 de marzo pasado, cuando Michelle Bachelet asumi\u00f3 su segundo per\u00edodo en la Presidencia de Chile, sostuvo un breve<\/p>\n","protected":false},"author":1,"featured_media":0,"comment_status":"open","ping_status":"open","sticky":false,"template":"","format":"standard","meta":{"footnotes":""},"categories":[4],"tags":[],"_links":{"self":[{"href":"https:\/\/www.ecuadoraldia.com.ec\/index.php?rest_route=\/wp\/v2\/posts\/2334"}],"collection":[{"href":"https:\/\/www.ecuadoraldia.com.ec\/index.php?rest_route=\/wp\/v2\/posts"}],"about":[{"href":"https:\/\/www.ecuadoraldia.com.ec\/index.php?rest_route=\/wp\/v2\/types\/post"}],"author":[{"embeddable":true,"href":"https:\/\/www.ecuadoraldia.com.ec\/index.php?rest_route=\/wp\/v2\/users\/1"}],"replies":[{"embeddable":true,"href":"https:\/\/www.ecuadoraldia.com.ec\/index.php?rest_route=%2Fwp%2Fv2%2Fcomments&post=2334"}],"version-history":[{"count":1,"href":"https:\/\/www.ecuadoraldia.com.ec\/index.php?rest_route=\/wp\/v2\/posts\/2334\/revisions"}],"predecessor-version":[{"id":2336,"href":"https:\/\/www.ecuadoraldia.com.ec\/index.php?rest_route=\/wp\/v2\/posts\/2334\/revisions\/2336"}],"wp:attachment":[{"href":"https:\/\/www.ecuadoraldia.com.ec\/index.php?rest_route=%2Fwp%2Fv2%2Fmedia&parent=2334"}],"wp:term":[{"taxonomy":"category","embeddable":true,"href":"https:\/\/www.ecuadoraldia.com.ec\/index.php?rest_route=%2Fwp%2Fv2%2Fcategories&post=2334"},{"taxonomy":"post_tag","embeddable":true,"href":"https:\/\/www.ecuadoraldia.com.ec\/index.php?rest_route=%2Fwp%2Fv2%2Ftags&post=2334"}],"curies":[{"name":"wp","href":"https:\/\/api.w.org\/{rel}","templated":true}]}}