{"id":2337,"date":"2014-05-14T15:02:45","date_gmt":"2014-05-14T15:02:45","guid":{"rendered":"http:\/\/www.ecuadoraldia.com.ec\/?p=2337"},"modified":"2014-05-14T15:02:45","modified_gmt":"2014-05-14T15:02:45","slug":"seleccion-de-ecuador-ya-tiene-a-sus-30-premundialistas","status":"publish","type":"post","link":"https:\/\/www.ecuadoraldia.com.ec\/?p=2337","title":{"rendered":"Selecci\u00f3n de Ecuador ya tiene a sus 30 premundialistas"},"content":{"rendered":"<figure id=\"attachment_2338\" aria-describedby=\"caption-attachment-2338\" style=\"width: 300px\" class=\"wp-caption alignleft\"><a href=\"http:\/\/www.ecuadoraldia.com.ec\/wp-content\/uploads\/2014\/05\/SelecEcua.jpg\"><img loading=\"lazy\" decoding=\"async\" class=\"size-medium wp-image-2338\" alt=\"foto internet\" src=\"http:\/\/www.ecuadoraldia.com.ec\/wp-content\/uploads\/2014\/05\/SelecEcua-300x225.jpg\" width=\"300\" height=\"225\" srcset=\"https:\/\/www.ecuadoraldia.com.ec\/wp-content\/uploads\/2014\/05\/SelecEcua-300x225.jpg 300w, https:\/\/www.ecuadoraldia.com.ec\/wp-content\/uploads\/2014\/05\/SelecEcua.jpg 640w\" sizes=\"(max-width: 300px) 100vw, 300px\" \/><\/a><figcaption id=\"caption-attachment-2338\" class=\"wp-caption-text\">foto internet<\/figcaption><\/figure>\n<p>El primer llamado a la Tricolor de Cristian Penilla, delantero de Barcelona, y el retorno del volante Oswaldo Minda, as\u00ed como las inclusiones de \u00c1ngel Mena (Emelec) y Michael Arroyo (Atlante) fueron las mayores novedades de la lista preliminar de Ecuador, rumbo al Mundial de Brasil 2014, anunciada ayer.<\/p>\n<p>La n\u00f3mina que fue enviada a la FIFA por la Ecuaf\u00fatbol se divulg\u00f3 mientras la Selecci\u00f3n se alista en \u00c1msterdam para medir a Holanda en un amistoso, este s\u00e1bado.<\/p>\n<p>Dos futbolistas que militan en Alemania, Carlos Gruezo (Stuttgart) y Cristian Ram\u00edrez (Fortuna Dusseldorf), tambi\u00e9n est\u00e1n en el grupo premundialista formado en su mayor\u00eda por los elementos que lograron la clasificaci\u00f3n a Brasil. La lista previa deber\u00e1 reducirse a los definitivos 23 hasta el 2 de junio.<\/p>\n<p>\u201cMi familia est\u00e1 muy feliz, vali\u00f3 la pena luchar mucho desde joven. Ahora lo que me toca es esforzarme, quiero ir al Mundial de Brasil\u201d, declar\u00f3 Mena a la radio Stereo Fiesta.<\/p>\n<p>Mientras, antes de viajar, el DT Reinaldo Rueda habl\u00f3 de las bajas sufridas en la defensa: \u201cHemos tenido irregularidades y no podemos tapar el sol con la mano. Ojal\u00e1 nos recuperemos para llegar en mejor nivel (universo)\u201d.<\/p>\n","protected":false},"excerpt":{"rendered":"<p>El primer llamado a la Tricolor de Cristian Penilla, delantero de Barcelona, y el retorno del volante Oswaldo Minda, as\u00ed<\/p>\n","protected":false},"author":1,"featured_media":0,"comment_status":"open","ping_status":"open","sticky":false,"template":"","format":"standard","meta":{"footnotes":""},"categories":[10],"tags":[],"_links":{"self":[{"href":"https:\/\/www.ecuadoraldia.com.ec\/index.php?rest_route=\/wp\/v2\/posts\/2337"}],"collection":[{"href":"https:\/\/www.ecuadoraldia.com.ec\/index.php?rest_route=\/wp\/v2\/posts"}],"about":[{"href":"https:\/\/www.ecuadoraldia.com.ec\/index.php?rest_route=\/wp\/v2\/types\/post"}],"author":[{"embeddable":true,"href":"https:\/\/www.ecuadoraldia.com.ec\/index.php?rest_route=\/wp\/v2\/users\/1"}],"replies":[{"embeddable":true,"href":"https:\/\/www.ecuadoraldia.com.ec\/index.php?rest_route=%2Fwp%2Fv2%2Fcomments&post=2337"}],"version-history":[{"count":1,"href":"https:\/\/www.ecuadoraldia.com.ec\/index.php?rest_route=\/wp\/v2\/posts\/2337\/revisions"}],"predecessor-version":[{"id":2339,"href":"https:\/\/www.ecuadoraldia.com.ec\/index.php?rest_route=\/wp\/v2\/posts\/2337\/revisions\/2339"}],"wp:attachment":[{"href":"https:\/\/www.ecuadoraldia.com.ec\/index.php?rest_route=%2Fwp%2Fv2%2Fmedia&parent=2337"}],"wp:term":[{"taxonomy":"category","embeddable":true,"href":"https:\/\/www.ecuadoraldia.com.ec\/index.php?rest_route=%2Fwp%2Fv2%2Fcategories&post=2337"},{"taxonomy":"post_tag","embeddable":true,"href":"https:\/\/www.ecuadoraldia.com.ec\/index.php?rest_route=%2Fwp%2Fv2%2Ftags&post=2337"}],"curies":[{"name":"wp","href":"https:\/\/api.w.org\/{rel}","templated":true}]}}